{"id":34196,"date":"2018-04-03T14:44:44","date_gmt":"2018-04-03T14:44:44","guid":{"rendered":"https:\/\/goiasemtempo.com.br\/home\/?p=34196"},"modified":"2018-04-03T14:44:44","modified_gmt":"2018-04-03T14:44:44","slug":"policias-cumprem-mandados-de-buscas-para-identificacao-de-membros-de-faccoes-criminosas","status":"publish","type":"post","link":"https:\/\/goiasemtempo.com.br\/home\/policias-cumprem-mandados-de-buscas-para-identificacao-de-membros-de-faccoes-criminosas\/","title":{"rendered":"Pol\u00edcias cumprem mandados de buscas para identifica\u00e7\u00e3o de membros de fac\u00e7\u00f5es criminosas"},"content":{"rendered":"<p>Em apoio \u00e0s a\u00e7\u00f5es de repress\u00e3o a fac\u00e7\u00f5es criminosas for\u00e7as de Seguran\u00e7a P\u00fablica realizaram na manh\u00e3 desta quarta-feira (28), a opera\u00e7\u00e3o \u201cPan\u00f3ptico Integrada\u201d, para o cumprimento de 10 mandados de busca e apreens\u00e3o, em endere\u00e7os nos bairros Jardim Vit\u00f3ria, Florian\u00f3polis, Doutor F\u00e1bio, Jardim Brasil, Novo Paraiso, em Cuiab\u00e1.<\/p>\n<p>Quatro pessoas foram conduzidas \u00e0 Ger\u00eancia de Combate ao Crime Organizado (GCCO), que coordena os trabalhos, com apoio operacional, da Pol\u00edcia Militar, do Centro Integrado de Opera\u00e7\u00f5es A\u00e9reas (CIOPaer) e policiais civis da Diretoria de Intelig\u00eancia, Delegacia Especializada de Repress\u00e3o a Entorpecentes (DRE).<\/p>\n<p>A opera\u00e7\u00e3o tem car\u00e1ter preventivo e busca coletar dados sobre a fac\u00e7\u00e3o criminosa que atua dentro e fora dos pres\u00eddios, na pr\u00e1tica de diversos crimes como tr\u00e1fico de drogas, crimes patrimoniais (roubos e furtos em resid\u00eancias, com\u00e9rcios e ve\u00edculos), homic\u00eddios, explos\u00e3o de caixas eletr\u00f4nicos e outros. <\/p>\n<p>Na a\u00e7\u00e3o integrada da Pol\u00edcia Civil e Pol\u00edcia Militar foram presos: Eweliyn Monique Bertolla Murtinho (sem documento), Lorena Barbosa Lopes, 31, Marcos Ant\u00f4nio da Silva, 45, Marcelo de Sousa Santos, 26<\/p>\n<p>Com os presos foram apreendidos R$ 3.650, em esp\u00e9cie, proveniente do tr\u00e1fico de drogas, por\u00e7\u00f5es de drogas, balan\u00e7a de precis\u00e3o, celulares e uma motocicleta. Na opera\u00e7\u00e3o, com uma mulher conhecida por Monique, 25 anos, foi apreendido um celular com conte\u00fado ligado a fac\u00e7\u00e3o criminosa.<\/p>\n<p>O secret\u00e1rio de Seguran\u00e7a P\u00fablica, Gustavo Garcia pontua que a seguran\u00e7a p\u00fablica vai continuar agindo com rigor \u2013 fortalecendo as a\u00e7\u00f5es ostensivas da Policia Militar e refor\u00e7ando as investiga\u00e7\u00f5es relacionadas as fac\u00e7\u00f5es criminosas.<\/p>\n<p>Ele ainda acrescenta que o trabalho com a Sejudh no apoio as a\u00e7\u00f5es operacionais e informa\u00e7\u00f5es para subsidiar a administra\u00e7\u00e3o penitenci\u00e1ria nas tomadas de decis\u00f5es.<\/p>\n<p>\u201cTrabalhamos em conjunto com a Sejudh 24 horas por dia de segunda a segunda. N\u00e3o vamos admitir nenhuma intercorr\u00eancia relacionada as fac\u00e7\u00f5es criminosas. Precisamos do apoio de todos para vencer esse c\u00e2ncer que assola o pa\u00eds\u201d.<\/p>\n<p>O subchefe de Estado Maior Geral da Pol\u00edcia Militar, coronel Henrique Correa da Silva Santos destaca que a opera\u00e7\u00e3o \u00e9 importante porque busca tirar de circula\u00e7\u00e3o pessoas ligadas a fac\u00e7\u00f5es criminosas e com foco na repress\u00e3o do tr\u00e1fico de drogas.<\/p>\n<p>\u201cAs pessoas presas tr\u00eas delas estavam com tornozeleiras o que mostra a reincid\u00eancia dos criminosos. O papel da seguran\u00e7a p\u00fablica, atrav\u00e9s do trabalho integrado PM e PJC e tentar mais uma vez tirar essas pessoas de circula\u00e7\u00e3o e diminuindo a possibilidade de a\u00e7\u00f5es criminosas ligadas a fac\u00e7\u00f5es. A opera\u00e7\u00e3o \u00e9 importante e de extrema relev\u00e2ncia social\u201d.<\/p>\n<p>Ela (Monique) \u00e9 uma suposta voz da fac\u00e7\u00e3o no Jardim Florian\u00f3polis. Foi poss\u00edvel identificar uma conversa dela dado por presidi\u00e1rios e fotos de cart\u00e3o de cr\u00e9dito para saque de dinheiro. Esses dados ser\u00e3o extra\u00eddos pela per\u00edcia, disse o delegado Luiz Henrique Damasceno que acrescentou o trabalho de investiga\u00e7\u00e3o em identificar e conter essas pessoas. \u201cForam colhidas informa\u00e7\u00f5es importantes, agora vamos apurar\u201d.<\/p>\n<p>As ordens judiciais foram expedidas pela Vara do Crime Organizado. Todos os presos ser\u00e3o autuados em flagrante por tr\u00e1fico de drogas e organiza\u00e7\u00e3o criminosa.<\/p>\n<p>Nome &#8211; Pan\u00f3ptico &#8211; significa constru\u00e7\u00e3o, cuja estrutura faz com que se consiga observar a totalidade da sua superf\u00edcie interior a partir de um \u00fanico ponto. O termo foi utilizado pelo fil\u00f3sofo e jurista ingl\u00eas Jeremy Benthan em 1785, para designar um modelo de penitenci\u00e1ria ideal.<\/p>\n","protected":false},"excerpt":{"rendered":"<p>Em apoio \u00e0s a\u00e7\u00f5es de repress\u00e3o a fac\u00e7\u00f5es criminosas for\u00e7as de Seguran\u00e7a P\u00fablica realizaram na manh\u00e3 desta quarta-feira (28), a opera\u00e7\u00e3o \u201cPan\u00f3ptico Integrada\u201d, para o cumprimento de 10 mandados de busca e apreens\u00e3o, em endere\u00e7os nos bairros Jardim Vit\u00f3ria, Florian\u00f3polis, Doutor F\u00e1bio, Jardim Brasil, Novo Paraiso, em Cuiab\u00e1. Quatro pessoas foram conduzidas \u00e0 Ger\u00eancia de &hellip;<\/p>\n","protected":false},"author":2,"featured_media":34167,"comment_status":"open","ping_status":"open","sticky":false,"template":"","format":"standard","meta":{"_exactmetrics_skip_tracking":false,"_exactmetrics_sitenote_active":false,"_exactmetrics_sitenote_note":"","_exactmetrics_sitenote_category":0,"footnotes":""},"categories":[4],"tags":[],"_links":{"self":[{"href":"https:\/\/goiasemtempo.com.br\/home\/wp-json\/wp\/v2\/posts\/34196"}],"collection":[{"href":"https:\/\/goiasemtempo.com.br\/home\/wp-json\/wp\/v2\/posts"}],"about":[{"href":"https:\/\/goiasemtempo.com.br\/home\/wp-json\/wp\/v2\/types\/post"}],"author":[{"embeddable":true,"href":"https:\/\/goiasemtempo.com.br\/home\/wp-json\/wp\/v2\/users\/2"}],"replies":[{"embeddable":true,"href":"https:\/\/goiasemtempo.com.br\/home\/wp-json\/wp\/v2\/comments?post=34196"}],"version-history":[{"count":1,"href":"https:\/\/goiasemtempo.com.br\/home\/wp-json\/wp\/v2\/posts\/34196\/revisions"}],"predecessor-version":[{"id":34197,"href":"https:\/\/goiasemtempo.com.br\/home\/wp-json\/wp\/v2\/posts\/34196\/revisions\/34197"}],"wp:featuredmedia":[{"embeddable":true,"href":"https:\/\/goiasemtempo.com.br\/home\/wp-json\/wp\/v2\/media\/34167"}],"wp:attachment":[{"href":"https:\/\/goiasemtempo.com.br\/home\/wp-json\/wp\/v2\/media?parent=34196"}],"wp:term":[{"taxonomy":"category","embeddable":true,"href":"https:\/\/goiasemtempo.com.br\/home\/wp-json\/wp\/v2\/categories?post=34196"},{"taxonomy":"post_tag","embeddable":true,"href":"https:\/\/goiasemtempo.com.br\/home\/wp-json\/wp\/v2\/tags?post=34196"}],"curies":[{"name":"wp","href":"https:\/\/api.w.org\/{rel}","templated":true}]}}