{"id":3390,"date":"2017-12-24T11:33:38","date_gmt":"2017-12-24T11:33:38","guid":{"rendered":"http:\/\/goiasemtempo.com.br\/home\/?p=3390"},"modified":"2017-12-24T11:33:38","modified_gmt":"2017-12-24T11:33:38","slug":"em-video-temer-rebate-acusacoes-da-segunda-denuncia-da-pgr","status":"publish","type":"post","link":"https:\/\/goiasemtempo.com.br\/home\/em-video-temer-rebate-acusacoes-da-segunda-denuncia-da-pgr\/","title":{"rendered":"Em v\u00eddeo, Temer rebate acusa\u00e7\u00f5es da segunda den\u00fancia da PGR"},"content":{"rendered":"<p>O presidente Michel Temer usou as redes sociais para fazer mais uma defesa contra as acusa\u00e7\u00f5es da Procuradoria-Geral da Rep\u00fablica. Em v\u00eddeo divulgado na tarde hoje (22), Temer afirmou que foram apresentadas \u201cprovas forjadas\u201d e \u201cden\u00fancias ineptas\u201d. \u201cA verdade prevaleceu ante o primeiro ataque a meu governo e a mim. A verdade, mais uma vez, triunfar\u00e1\u201d, disse. A declara\u00e7\u00e3o do presidente \u00e9 feita no dia seguinte \u00e0 chegada da segunda den\u00fancia contra ele \u00e0 C\u00e2mara dos Deputados.<\/p>\n<p>No v\u00eddeo, dispon\u00edvel em sua conta no Twitter, Temer diz que \u201co princ\u00edpio b\u00e1sico da inoc\u00eancia foi subvertido: agora todos s\u00e3o culpados at\u00e9 que provem o contr\u00e1rio\u201d. Destacando que \u00e9 v\u00edtima de uma conspira\u00e7\u00e3o, o presidente diz que o Brasil pode estar seguindo o mesmo caminho de regimes de exce\u00e7\u00e3o. \u201cS\u00f3 regimes de exce\u00e7\u00e3o aceitaram acusa\u00e7\u00f5es sem provas, movidos por preconceito, \u00f3dio, rancor ou interesses escusos. Lamento dizer que, hoje, o Brasil pode estar trilhando este caminho\u201d.<\/p>\n<p>Temer voltou a criticar o \u00e1udio de uma conversa entre ele e o empres\u00e1rio Joesley Batista, que deu origem \u00e0 primeira den\u00fancia, rejeitada pela C\u00e2mara no in\u00edcio de agosto, e destacou a pris\u00e3o de Joesley, ocorrida este m\u00eas.<\/p>\n<p>\u201cGra\u00e7as aos \u00e1udios que tentaram esconder, mas que vieram a p\u00fablico acidentalmente, sabe-se que, contra mim, armou-se conspira\u00e7\u00e3o de m\u00faltiplos prop\u00f3sitos. Conspiraram para deixar impunes os maiores criminosos confessos do Brasil, finalmente presos, porque sempre apontamos seus in\u00fameros delitos\u201d. Joesley e Ricardo Saud, ambos executivos do grupo J&amp;F, foram presos ap\u00f3s a divulga\u00e7\u00e3o de um \u00e1udio de quatro horas de di\u00e1logo entre ambos que, de acordo com a PGR, aponta que eles omitiram informa\u00e7\u00f5es durante o acordo de dela\u00e7\u00e3o premiada.<\/p>\n<p>O presidente tamb\u00e9m fez um apelo aos deputados, que v\u00e3o come\u00e7ar a apreciar a segunda den\u00fancia contra ele na pr\u00f3xima semana. \u201cTenho convic\u00e7\u00e3o absoluta de que a C\u00e2mara dos Deputados encerrar\u00e1 esses \u00faltimos epis\u00f3dios de uma triste p\u00e1gina de nossa hist\u00f3ria, em que mentiras e inverdades induziram a m\u00eddia e as redes sociais nestes \u00faltimos dias. A incoer\u00eancia e a falsidade foram armas do cotidiano para o exterm\u00ednio de reputa\u00e7\u00f5es\u201d.<\/p>\n<p>Mariz deixa a defesa de Temer<\/p>\n<p>O advogado Ant\u00f4nio Cl\u00e1udio Mariz de Oliveira anunciou hoje a decis\u00e3o de renunciar \u00e0 defesa de Michel Temer nesta segunda den\u00fancia. Foi Mariz quem conduziu a defesa de Temer na primeira den\u00fancia feita pela Procuradoria-Geral da Rep\u00fablica. O afastamento do advogado deve-se ao fato de ele ter defendido no passado o doleiro L\u00facio Funaro, um dos delatores citados na nova den\u00fancia, o que configuraria conflito \u00e9tico.<\/p>\n<p>A segunda den\u00fancia contra Temer chegou \u00e0 C\u00e2mara dos Deputados nesta sexta-feira (22), depois de o Supremo Tribunal Federal (STF) ter rejeitado pedido da defesa do presidente para interromper a tramita\u00e7\u00e3o. Antes mesmo da decis\u00e3o do STF, Mariz j\u00e1 havia comunicado a Temer que deixaria de defend\u00ea-lo caso a den\u00fancia prosseguisse.<\/p>\n","protected":false},"excerpt":{"rendered":"<p>O presidente Michel Temer usou as redes sociais para fazer mais uma defesa contra as acusa\u00e7\u00f5es da Procuradoria-Geral da Rep\u00fablica. Em v\u00eddeo divulgado na tarde hoje (22), Temer afirmou que foram apresentadas \u201cprovas forjadas\u201d e \u201cden\u00fancias ineptas\u201d. \u201cA verdade prevaleceu ante o primeiro ataque a meu governo e a mim. A verdade, mais uma vez, &hellip;<\/p>\n","protected":false},"author":2,"featured_media":1081,"comment_status":"open","ping_status":"open","sticky":false,"template":"","format":"standard","meta":{"footnotes":""},"categories":[4],"tags":[],"class_list":["post-3390","post","type-post","status-publish","format-standard","has-post-thumbnail","hentry","category-ultimas-noticias"],"_links":{"self":[{"href":"https:\/\/goiasemtempo.com.br\/home\/wp-json\/wp\/v2\/posts\/3390","targetHints":{"allow":["GET"]}}],"collection":[{"href":"https:\/\/goiasemtempo.com.br\/home\/wp-json\/wp\/v2\/posts"}],"about":[{"href":"https:\/\/goiasemtempo.com.br\/home\/wp-json\/wp\/v2\/types\/post"}],"author":[{"embeddable":true,"href":"https:\/\/goiasemtempo.com.br\/home\/wp-json\/wp\/v2\/users\/2"}],"replies":[{"embeddable":true,"href":"https:\/\/goiasemtempo.com.br\/home\/wp-json\/wp\/v2\/comments?post=3390"}],"version-history":[{"count":1,"href":"https:\/\/goiasemtempo.com.br\/home\/wp-json\/wp\/v2\/posts\/3390\/revisions"}],"predecessor-version":[{"id":3391,"href":"https:\/\/goiasemtempo.com.br\/home\/wp-json\/wp\/v2\/posts\/3390\/revisions\/3391"}],"wp:featuredmedia":[{"embeddable":true,"href":"https:\/\/goiasemtempo.com.br\/home\/wp-json\/wp\/v2\/media\/1081"}],"wp:attachment":[{"href":"https:\/\/goiasemtempo.com.br\/home\/wp-json\/wp\/v2\/media?parent=3390"}],"wp:term":[{"taxonomy":"category","embeddable":true,"href":"https:\/\/goiasemtempo.com.br\/home\/wp-json\/wp\/v2\/categories?post=3390"},{"taxonomy":"post_tag","embeddable":true,"href":"https:\/\/goiasemtempo.com.br\/home\/wp-json\/wp\/v2\/tags?post=3390"}],"curies":[{"name":"wp","href":"https:\/\/api.w.org\/{rel}","templated":true}]}}