{"id":3378,"date":"2017-12-24T11:29:27","date_gmt":"2017-12-24T11:29:27","guid":{"rendered":"http:\/\/goiasemtempo.com.br\/home\/?p=3378"},"modified":"2017-12-24T11:29:27","modified_gmt":"2017-12-24T11:29:27","slug":"angela-merkel-se-aproxima-da-quarta-vitoria-nas-eleicoes-legislativas-alemas","status":"publish","type":"post","link":"https:\/\/goiasemtempo.com.br\/home\/angela-merkel-se-aproxima-da-quarta-vitoria-nas-eleicoes-legislativas-alemas\/","title":{"rendered":"Angela Merkel se aproxima da quarta vit\u00f3ria nas elei\u00e7\u00f5es legislativas alem\u00e3s"},"content":{"rendered":"<p>A chanceler da Alemanha, Angela Merkel, est\u00e1 cada vez mais pr\u00f3xima de sua quarta vit\u00f3ria eleitoral, enquanto seu principal oponente deste domingo (24), o social-democrata Martin Schulz, tenta dar um perfil pr\u00f3prio ao seu partido, que nos \u00faltimos quatro anos integrou a grande coaliz\u00e3o de governo. As informa\u00e7\u00f5es s\u00e3o da Ag\u00eancia EFE.<br \/>\nSegundo Angela Merkel, da perspectiva da UE, h\u00e1 bons motivos para concluir um acordo com o Mercosul<\/p>\n<p>A alian\u00e7a de Angela Merkel deve receber entre 36% e 37% dos votos<\/p>\n<p>As \u00faltimas pesquisas preveem entre 36% e 37% de votos para a alian\u00e7a conservadora formada pela Uni\u00e3o Democrata-Crist\u00e3 (CDU), de Merkel, e a Uni\u00e3o Social-Crist\u00e3 (CSU) da Baviera, abaixo dos resultados de 2013, mas entre 13 e 17 pontos percentuais \u00e0 frente do Partido Social Democrata (SPD).<\/p>\n<p>A disputa real est\u00e1 pelo terceiro lugar, pelo qual brigam o Partido Liberal, que n\u00e3o conseguiu superar a cl\u00e1usula de barreira de 5% de votos em 2013; a Alternativa para a Alemanha (AfD), que pretende ser o primeiro partido de ultradireita da hist\u00f3ria a entrar no Bundestag (c\u00e2mara baixa do Parlamento); e as legendas A Esquerda e Os Verdes.<\/p>\n<p>Os 12 anos \u00e0 frente do governo e uma legislatura marcada pela crise dos refugiados, com a chegada de cerca de 1,3 milh\u00e3o de solicitantes de asilo ao pa\u00eds, parecem n\u00e3o ter abalado o poder de Merkel, que continua liderando as pesquisas.<\/p>\n<p>O mandato prestes a terminar ficar\u00e1 marcado por leis como as que introduziram o sal\u00e1rio m\u00ednimo interprofissional e a diminui\u00e7\u00e3o da idade de aposentadoria para determinadas categorias, propostas social-democratas que Merkel assumiu sem complexos e que podem inclusive lhe valer pontos em detrimento do SPD.<\/p>\n<p>Na \u00faltima sess\u00e3o com projetos legislativos na ordem do dia, a chanceler votou n\u00e3o ao casamento homossexual defendido pelos social-democratas, mas pouco depois, com a lei aprovada, afirmou se sentir satisfeita com a nova situa\u00e7\u00e3o.<\/p>\n<p>Coaliz\u00e3o<\/p>\n<p>A corrida est\u00e1 encerrada, garantiu Oskar Niedermayer, especialista do Instituto Otto Suhr para a Ci\u00eancia Pol\u00edtica, que destaca a dificuldade do SPD para encontrar um tema com o qual se diferenciar.<\/p>\n<p>Ap\u00f3s quatro anos coligados com os conservadores, o partido n\u00e3o consegue mostrar uma oferta de grande transforma\u00e7\u00e3o, acrescentou Giacomo Corneo, professor de Finan\u00e7as P\u00fablicas e Pol\u00edticas Social na Universidade Livre de Berlim.<\/p>\n<p>Os social-democratas se juntaram em 2013 \u00e0 grande coaliz\u00e3o com pleno conhecimento de que a experi\u00eancia anterior nesse sentido, no primeiro mandato de Merkel, os levaram aos piores resultados de sua hist\u00f3ria, fantasma contra o qual Schulz luta agora.<\/p>\n<p>Em uma aposta arriscada, no in\u00edcio do ano o SPD nomeou Schulz candidato e l\u00edder de sua bancada, quando era um personagem pouco conhecido na pol\u00edtica nacional ap\u00f3s mais de duas d\u00e9cadas no Parlamento Europeu.<\/p>\n<p>Perguntas<\/p>\n<p>Os novos ares impulsionaram o partido nas pesquisas durante algumas semanas, e inclusive o colocaram na frente dos conservadores, mas o chamado efeito Schulz perdeu for\u00e7a com o passar do tempo.<\/p>\n<p>Analistas pol\u00edticos locais alertaram que as pesquisas s\u00e3o estudos de tend\u00eancias pol\u00edticas e nenhum progn\u00f3stico, mas assinalam tamb\u00e9m que \u00e9 muito pouco prov\u00e1vel que um partido duplique ou rebaixe \u00e0 metade suas atuais porcentagens.<\/p>\n<p>Uma das perguntas fundamentais \u00e9 em que medida os grandes partidos mobilizar\u00e3o seus simpatizantes e a margem de a\u00e7\u00e3o deixada pelos partidos pequenos, que tradicionalmente ganham peso ap\u00f3s uma grande coaliz\u00e3o.<\/p>\n<p>Todos os olhares est\u00e3o voltados para o APD, que ficou prestes a entrar no Parlamento h\u00e1 quatro anos com um programa eurof\u00f3bico e que colheu consecutivos sucessos em elei\u00e7\u00f5es regionais, sustentado em um discurso xen\u00f3fobo em rela\u00e7\u00e3o \u00e0 crise dos refugiados.<\/p>\n<p>As \u00faltimas pesquisas indicam que, no domingo, o partido ficar\u00e1 com entre 9% e 12% dos votos. Logo a seguir aparece o Partido Liberal, que saiu do parlamento h\u00e1 quatro anos, engolido tamb\u00e9m por Merkel, com quem se aliou na sua segunda legislatura.<\/p>\n<p>Tradicional partido indeciso, parceiro menor de coaliz\u00f5es de governo tanto de direita como de esquerda, o Liberal espera governar de novo com Merkel, que s\u00f3 fecha a porta \u00e0 ultradireita e \u00e0 esquerda radical na hora de buscar aliados para uma nova gest\u00e3o.<\/p>\n<p>A Esquerda, partido formado por p\u00f3s-comunistas e dissidentes social-democratas, nunca fez parte de um governo federal, mas Schulz evitou demoniz\u00e1-lo em campanha como se juntos, unidos aos Verdes, pudessem formar um governo tripartite in\u00e9dito em n\u00edvel nacional.<\/p>\n<p>A probabilidade \u00e9 baixa, segundo as pesquisas, que apontam para A Esquerda entre 8% e 10% dos votos, enquanto os ecopacifistas aparecem com 8%.<\/p>\n","protected":false},"excerpt":{"rendered":"<p>A chanceler da Alemanha, Angela Merkel, est\u00e1 cada vez mais pr\u00f3xima de sua quarta vit\u00f3ria eleitoral, enquanto seu principal oponente deste domingo (24), o social-democrata Martin Schulz, tenta dar um perfil pr\u00f3prio ao seu partido, que nos \u00faltimos quatro anos integrou a grande coaliz\u00e3o de governo. As informa\u00e7\u00f5es s\u00e3o da Ag\u00eancia EFE. Segundo Angela Merkel, &hellip;<\/p>\n","protected":false},"author":2,"featured_media":1075,"comment_status":"open","ping_status":"open","sticky":false,"template":"","format":"standard","meta":{"footnotes":""},"categories":[4],"tags":[],"class_list":["post-3378","post","type-post","status-publish","format-standard","has-post-thumbnail","hentry","category-ultimas-noticias"],"_links":{"self":[{"href":"https:\/\/goiasemtempo.com.br\/home\/wp-json\/wp\/v2\/posts\/3378","targetHints":{"allow":["GET"]}}],"collection":[{"href":"https:\/\/goiasemtempo.com.br\/home\/wp-json\/wp\/v2\/posts"}],"about":[{"href":"https:\/\/goiasemtempo.com.br\/home\/wp-json\/wp\/v2\/types\/post"}],"author":[{"embeddable":true,"href":"https:\/\/goiasemtempo.com.br\/home\/wp-json\/wp\/v2\/users\/2"}],"replies":[{"embeddable":true,"href":"https:\/\/goiasemtempo.com.br\/home\/wp-json\/wp\/v2\/comments?post=3378"}],"version-history":[{"count":1,"href":"https:\/\/goiasemtempo.com.br\/home\/wp-json\/wp\/v2\/posts\/3378\/revisions"}],"predecessor-version":[{"id":3379,"href":"https:\/\/goiasemtempo.com.br\/home\/wp-json\/wp\/v2\/posts\/3378\/revisions\/3379"}],"wp:featuredmedia":[{"embeddable":true,"href":"https:\/\/goiasemtempo.com.br\/home\/wp-json\/wp\/v2\/media\/1075"}],"wp:attachment":[{"href":"https:\/\/goiasemtempo.com.br\/home\/wp-json\/wp\/v2\/media?parent=3378"}],"wp:term":[{"taxonomy":"category","embeddable":true,"href":"https:\/\/goiasemtempo.com.br\/home\/wp-json\/wp\/v2\/categories?post=3378"},{"taxonomy":"post_tag","embeddable":true,"href":"https:\/\/goiasemtempo.com.br\/home\/wp-json\/wp\/v2\/tags?post=3378"}],"curies":[{"name":"wp","href":"https:\/\/api.w.org\/{rel}","templated":true}]}}