{"id":33363,"date":"2018-03-31T09:06:59","date_gmt":"2018-03-31T09:06:59","guid":{"rendered":"https:\/\/goiasemtempo.com.br\/home\/?p=33363"},"modified":"2018-03-31T09:06:59","modified_gmt":"2018-03-31T09:06:59","slug":"hutrin-amplia-estrutura-de-atendimento","status":"publish","type":"post","link":"https:\/\/goiasemtempo.com.br\/home\/hutrin-amplia-estrutura-de-atendimento\/","title":{"rendered":"Hutrin amplia estrutura de atendimento"},"content":{"rendered":"<p>O Hospital de Urg\u00eancias de Trindade Walda Ferreira dos Santos (Hutrin) ir\u00e1 concluir esta semana a montagem de uma estrutura de amplia\u00e7\u00e3o provis\u00f3ria, para dar mais conforto e agilidade na assist\u00eancia \u00e0 sa\u00fade dos pacientes. O espa\u00e7o, implantado na \u00e1rea externa da unidade, deve come\u00e7ar a funcionar, oficialmente, na quinta-feira, dia 29, antes da data prevista, e ser\u00e1 retirado somente ap\u00f3s a Festa do Divino Pai Eterno, na primeira semana de julho.<\/p>\n<p>No local foram instaladas duas tendas \u2013 sendo uma para acolhimento e outra com 20 leitos para hidrata\u00e7\u00e3o. As tendas s\u00e3o climatizadas, com piso revestido com material antiderrapante e rampas de acessibilidade. Tamb\u00e9m foi instalado um cont\u00eainer na \u00e1rea, onde funcionar\u00e1 um consult\u00f3rio m\u00e9dico.<\/p>\n<p>Conforme o diretor T\u00e9cnico do Hutrin, o m\u00e9dico Roberto Zonta, neste per\u00edodo sazonal h\u00e1 uma maior preocupa\u00e7\u00e3o com a incid\u00eancia de casos de dengue, de poss\u00edveis casos de influenza A (H1N1) e outras doen\u00e7as respirat\u00f3rias, pr\u00f3prias dessa \u00e9poca do ano, e, por isso, a unidade se antecipou. \u201cEstamos bem preparados para esta \u00e9poca\u201d, afirma.<\/p>\n<p>Zonta acrescenta, ainda, que al\u00e9m de oferecer mais comodidade, o Hutrin j\u00e1 ampliou o corpo cl\u00ednico, no Pronto Socorro, que passou a dispor de quatro m\u00e9dicos na parte da manh\u00e3. \u00c0 tarde e no in\u00edcio da noite, quando o fluxo \u00e9 maior, s\u00e3o cinco profissionais em atendimento.<\/p>\n","protected":false},"excerpt":{"rendered":"<p>O Hospital de Urg\u00eancias de Trindade Walda Ferreira dos Santos (Hutrin) ir\u00e1 concluir esta semana a montagem de uma estrutura de amplia\u00e7\u00e3o provis\u00f3ria, para dar mais conforto e agilidade na assist\u00eancia \u00e0 sa\u00fade dos pacientes. O espa\u00e7o, implantado na \u00e1rea externa da unidade, deve come\u00e7ar a funcionar, oficialmente, na quinta-feira, dia 29, antes da data &hellip;<\/p>\n","protected":false},"author":2,"featured_media":32590,"comment_status":"open","ping_status":"open","sticky":false,"template":"","format":"standard","meta":{"_exactmetrics_skip_tracking":false,"_exactmetrics_sitenote_active":false,"_exactmetrics_sitenote_note":"","_exactmetrics_sitenote_category":0,"footnotes":""},"categories":[4],"tags":[],"_links":{"self":[{"href":"https:\/\/goiasemtempo.com.br\/home\/wp-json\/wp\/v2\/posts\/33363"}],"collection":[{"href":"https:\/\/goiasemtempo.com.br\/home\/wp-json\/wp\/v2\/posts"}],"about":[{"href":"https:\/\/goiasemtempo.com.br\/home\/wp-json\/wp\/v2\/types\/post"}],"author":[{"embeddable":true,"href":"https:\/\/goiasemtempo.com.br\/home\/wp-json\/wp\/v2\/users\/2"}],"replies":[{"embeddable":true,"href":"https:\/\/goiasemtempo.com.br\/home\/wp-json\/wp\/v2\/comments?post=33363"}],"version-history":[{"count":1,"href":"https:\/\/goiasemtempo.com.br\/home\/wp-json\/wp\/v2\/posts\/33363\/revisions"}],"predecessor-version":[{"id":33364,"href":"https:\/\/goiasemtempo.com.br\/home\/wp-json\/wp\/v2\/posts\/33363\/revisions\/33364"}],"wp:featuredmedia":[{"embeddable":true,"href":"https:\/\/goiasemtempo.com.br\/home\/wp-json\/wp\/v2\/media\/32590"}],"wp:attachment":[{"href":"https:\/\/goiasemtempo.com.br\/home\/wp-json\/wp\/v2\/media?parent=33363"}],"wp:term":[{"taxonomy":"category","embeddable":true,"href":"https:\/\/goiasemtempo.com.br\/home\/wp-json\/wp\/v2\/categories?post=33363"},{"taxonomy":"post_tag","embeddable":true,"href":"https:\/\/goiasemtempo.com.br\/home\/wp-json\/wp\/v2\/tags?post=33363"}],"curies":[{"name":"wp","href":"https:\/\/api.w.org\/{rel}","templated":true}]}}