{"id":3336,"date":"2017-12-24T11:14:46","date_gmt":"2017-12-24T11:14:46","guid":{"rendered":"http:\/\/goiasemtempo.com.br\/home\/?p=3336"},"modified":"2017-12-24T11:14:46","modified_gmt":"2017-12-24T11:14:46","slug":"terceiro-dia-de-ocupacao-na-rocinha-tem-moradores-nas-ruas-e-comercio-aberto","status":"publish","type":"post","link":"https:\/\/goiasemtempo.com.br\/home\/terceiro-dia-de-ocupacao-na-rocinha-tem-moradores-nas-ruas-e-comercio-aberto\/","title":{"rendered":"Terceiro dia de ocupa\u00e7\u00e3o na Rocinha tem moradores nas ruas e com\u00e9rcio aberto"},"content":{"rendered":"<p>O terceiro dia de ocupa\u00e7\u00e3o das tropas federais na Rocinha come\u00e7ou com aparente tranquilidade neste domingo (24). Sem tiroteios desde a tarde de s\u00e1bado (23), a popula\u00e7\u00e3o ficou mais confiante e saiu para as ruas, principalmente para fazer compras no com\u00e9rcio local.<\/p>\n<p>Tanto na parte baixa da comunidade, junto \u00e0 Autoestrada Lagoa-Barra, quanto na parte alta, ao longo da Estrada da G\u00e1vea, principal via que corta a comunidade, tropas militares fazem guarda em pontos estrat\u00e9gicos, em intervalos que variam de 100 metros a 500 metros de dist\u00e2ncia.<\/p>\n<p>A frequ\u00eancia das revistas aos moradores diminuiu, e os soldados se concentram mais em verificar carros e vans. At\u00e9 caminh\u00f5es de lixo s\u00e3o revistados, em busca de criminosos que possam estar tentando deixar a comunidade. Mais cedo, a pol\u00edcia encontrou uma pequena quantidade de lan\u00e7a-perfume em um saco abandonado na rua.<\/p>\n<p>Moradores evitam falar com a imprensa e os que aceitam n\u00e3o se identificam. Um mototaxista demonstrava receio de que a opera\u00e7\u00e3o s\u00f3 durasse at\u00e9 o fim do Rock in Rio, que termina na noite deste domingo.<\/p>\n<p>Outro grupo que conversava em outra \u00e1rea da comunidade, entre a Rua Dois e a sede da Unidade de Pol\u00edcia Pacificadora (UPP), no alto do morro, comentava a informa\u00e7\u00e3o, divulgada desde s\u00e1bado, de o traficante que Rog\u00e9rio 157, que controla a venda de drogas na Rocinha, teria trocado de fac\u00e7\u00e3o e ido para o lado do principal grupo criminoso do estado. \u201cSe isso acontecer, esta guerra n\u00e3o acaba t\u00e3o cedo, pois o Nem [Antonio Bonfim Lopes, preso em penitenci\u00e1ria federal] n\u00e3o vai aceitar\u201d, disse o mototaxista.<\/p>\n<p>A Rocinha \u00e9 considerada pela pol\u00edcia o principal ponto de venda de drogas do Rio de Janeiro.<\/p>\n","protected":false},"excerpt":{"rendered":"<p>O terceiro dia de ocupa\u00e7\u00e3o das tropas federais na Rocinha come\u00e7ou com aparente tranquilidade neste domingo (24). Sem tiroteios desde a tarde de s\u00e1bado (23), a popula\u00e7\u00e3o ficou mais confiante e saiu para as ruas, principalmente para fazer compras no com\u00e9rcio local. Tanto na parte baixa da comunidade, junto \u00e0 Autoestrada Lagoa-Barra, quanto na parte &hellip;<\/p>\n","protected":false},"author":2,"featured_media":1054,"comment_status":"open","ping_status":"open","sticky":false,"template":"","format":"standard","meta":{"footnotes":""},"categories":[4],"tags":[],"class_list":["post-3336","post","type-post","status-publish","format-standard","has-post-thumbnail","hentry","category-ultimas-noticias"],"_links":{"self":[{"href":"https:\/\/goiasemtempo.com.br\/home\/wp-json\/wp\/v2\/posts\/3336","targetHints":{"allow":["GET"]}}],"collection":[{"href":"https:\/\/goiasemtempo.com.br\/home\/wp-json\/wp\/v2\/posts"}],"about":[{"href":"https:\/\/goiasemtempo.com.br\/home\/wp-json\/wp\/v2\/types\/post"}],"author":[{"embeddable":true,"href":"https:\/\/goiasemtempo.com.br\/home\/wp-json\/wp\/v2\/users\/2"}],"replies":[{"embeddable":true,"href":"https:\/\/goiasemtempo.com.br\/home\/wp-json\/wp\/v2\/comments?post=3336"}],"version-history":[{"count":1,"href":"https:\/\/goiasemtempo.com.br\/home\/wp-json\/wp\/v2\/posts\/3336\/revisions"}],"predecessor-version":[{"id":3337,"href":"https:\/\/goiasemtempo.com.br\/home\/wp-json\/wp\/v2\/posts\/3336\/revisions\/3337"}],"wp:featuredmedia":[{"embeddable":true,"href":"https:\/\/goiasemtempo.com.br\/home\/wp-json\/wp\/v2\/media\/1054"}],"wp:attachment":[{"href":"https:\/\/goiasemtempo.com.br\/home\/wp-json\/wp\/v2\/media?parent=3336"}],"wp:term":[{"taxonomy":"category","embeddable":true,"href":"https:\/\/goiasemtempo.com.br\/home\/wp-json\/wp\/v2\/categories?post=3336"},{"taxonomy":"post_tag","embeddable":true,"href":"https:\/\/goiasemtempo.com.br\/home\/wp-json\/wp\/v2\/tags?post=3336"}],"curies":[{"name":"wp","href":"https:\/\/api.w.org\/{rel}","templated":true}]}}