{"id":33355,"date":"2018-03-31T09:03:46","date_gmt":"2018-03-31T09:03:46","guid":{"rendered":"https:\/\/goiasemtempo.com.br\/home\/?p=33355"},"modified":"2018-03-31T09:03:46","modified_gmt":"2018-03-31T09:03:46","slug":"cidade-de-goias-homenageia-governador-com-medalha-veiga-valle","status":"publish","type":"post","link":"https:\/\/goiasemtempo.com.br\/home\/cidade-de-goias-homenageia-governador-com-medalha-veiga-valle\/","title":{"rendered":"Cidade de Goi\u00e1s homenageia governador com medalha Veiga Valle"},"content":{"rendered":"<p>A Organiza\u00e7\u00e3o Vilaboense de Artes e Tradi\u00e7\u00f5es \u2013 OVAT \u2013 entregou, no final da tarde desta quarta-feira, dia 28, ao governador Marconi Perillo a Comenda Veiga Valle, a mais alta distin\u00e7\u00e3o oferecida pela institui\u00e7\u00e3o a pessoas que se destacam pelo incentivo e apoio \u00e0s artes, \u00e0 cultura e \u00e0 preserva\u00e7\u00e3o das tradi\u00e7\u00f5es da cidade de Goi\u00e1s.<\/p>\n<p>Ao entregar a comenda ao governador, o presidente da OVAT, Rodrigo P\u00e1ssaro, lembrou que a distin\u00e7\u00e3o \u00e9 entregue a cada tr\u00eas anos a pessoas que re\u00fanem condi\u00e7\u00e3o da mais alta estima e considera\u00e7\u00e3o dedicados pelo povo da cidade de Goi\u00e1s.<\/p>\n<p>Elogiou o governador e sua administra\u00e7\u00e3o, dando destaque ao Hugol, hospital que, segundo disse, salvou sua vida. \u201cO senhor fez uma coisa boa para mim e para todos os goianos. Sofri um atentado aqui em Goi\u00e1s e fui levado em estado grave para o Hugol. L\u00e1, gra\u00e7as ao atendimento e aos modernos equipamentos dispon\u00edveis, consegui restabelecer minha sa\u00fade. Obrigado de cora\u00e7\u00e3o por esta grande obra que tem salvado muitas vidas\u201d.<\/p>\n<p>O evento ocorreu no Largo do Mercado Municipal, onde o governador anunciou a libera\u00e7\u00e3o das 3\u00aa e 4\u00aa parcelas do Programa Goi\u00e1s na Frente \u00e0 prefeitura de Goi\u00e1s, no valor de R$ 1 milh\u00e3o de um total de R$ 5 milh\u00f5es destinados a recapeamento e pavimenta\u00e7\u00e3o asf\u00e1ltica de ruas e avenidas. Na mesma solenidade, assinou conv\u00eanio para pavimenta\u00e7\u00e3o do setor Tempo Novo, no valor de R$ 909 mil, tamb\u00e9m do Goi\u00e1s na Frente.<\/p>\n<p>marconi perillo goias na frente cidade de goiasAo lado da prefeita Selma Bastos e da presidente nacional do Instituto do Patrim\u00f4nio Hist\u00f3rico e Art\u00edstico Nacional (Iphan), K\u00e1tia Bog\u00e9a, Marconi participou do ato de entrega de um Kit Cultural para a cidade de Goi\u00e1s, composto de palco, equipamentos de som, computadores, tendas, mesas e cadeiras, destinado \u00e0 realiza\u00e7\u00e3o de eventos. Mais uma vez, a prefeita elogiou a disposi\u00e7\u00e3o do governador em ajudar a cidade. \u201cQuero agradecer por tudo o que o senhor fez e faz pelo Estado, sobretudo para a cidade de Goi\u00e1s. Aqui dizem que nunca viram Goi\u00e1s como est\u00e1 agora com a parceria entre o governo do Estado e o Iphan\u201d, declarou.<\/p>\n<p>Selma repercutiu as conversas que teve na manh\u00e3 de hoje com alguns permission\u00e1rios e frequentadores do Mercado Municipal. \u201cTodos elogiaram a parceria que temos com o governo e com o Iphan. Um dos frequentadores chegou mesmo a dizer que nenhum governador teve peito para fazer o que o senhor est\u00e1 fazendo por Goi\u00e1s\u201d.<\/p>\n<p>A prefeita reafirmou que considera o governador um pol\u00edtico municipalista e republicano, que pensa no cidad\u00e3o, se preocupa com o desenvolvimento econ\u00f4mico e social. \u201cFicaria aqui a noite toda citando todas as coisas que o senhor fez por Goi\u00e1s e pela nossa cidade\u201d, acrescentou, ao mencionar o Hospital S\u00e3o Pedro de Alc\u00e2ntara que Marconi reabriu e mant\u00e9m em funcionamento.<\/p>\n<p>Selma citou tamb\u00e9m a ajuda que o governo deu \u00e0 cidade para a pavimenta\u00e7\u00e3o e recapeamento de 110 ruas de Goi\u00e1s e dos distritos, al\u00e9m de investimentos na cultura, turismo e outros eventos.<\/p>\n<p>\u201cQuando tenho oportunidade de falar, eu falo sem constrangimento: o senhor faz um governo sem precedentes na hist\u00f3ria de Goi\u00e1s. Estou aqui para agradecer por tudo isso e colocar a cidade de Goi\u00e1s \u00e0 sua disposi\u00e7\u00e3o. Na hora certa, nossa popula\u00e7\u00e3o lhe dar\u00e1 a recompensa que o senhor merece\u201d.<\/p>\n<p>K\u00e1tia Bog\u00e9a declarou que o que se fez em Goi\u00e1s nos \u00faltimos quase quatro anos do governo Marconi \u201cfoi uma revolu\u00e7\u00e3o. A popula\u00e7\u00e3o \u00e9 testemunha disso, como lembrou a prefeita Selma\u201d.<\/p>\n<p>Reeditando o \u00faltimo discurso que fez na presen\u00e7a do governador h\u00e1 menos de um m\u00eas, a dirigente nacional do Iphan reafirmou seu amor \u201cprofundo e total ao senhor, uma pessoa iluminada. Que essa luz esteja no seu caminho, precisamos de homens p\u00fablicos do seu quilate, da sua qualidade\u201d.<\/p>\n<p>Mais a\u00e7\u00e3o<\/p>\n<p>O governador voltou a dizer que, independente de partido e ideologia, ele e a prefeita Selma t\u00eam dado demonstra\u00e7\u00e3o ao Brasil de como os homens e mulheres p\u00fablicos devem se comportar. \u201cAlgumas pessoas questionam por que tanto olhar para Vila Boa! Temos que ter esse olhar para uma cidade que j\u00e1 foi capital e soube preservar o seu patrim\u00f4nio cultural e hist\u00f3rico\u201d.<\/p>\n<p>Marconi anunciou que voltar\u00e1 \u00e0 cidade na semana que vem para inaugurar v\u00e1rias obras, entre elas a Unidade de Especialidades M\u00e9dicas \u2013 USE \u2013 que atender\u00e1 a popula\u00e7\u00e3o em 21 especialidades. Anunciou ainda que a duplica\u00e7\u00e3o da rodovia de Goi\u00e2nia a Goi\u00e1s ser\u00e1 inaugurada pelo vice-governador, Jos\u00e9 Eliton. \u201cFaltam menos de tr\u00eas quil\u00f4metros para a sua conclus\u00e3o. Estamos trabalhando em uma regi\u00e3o de topografia acidentada o que, ao lado da chuva, comprometeu a conclus\u00e3o da obra\u201d.<\/p>\n<p>Ao encerrar, ensinou que o que \u201cmais interessa n\u00e3o \u00e9 o cargo, mas a consequ\u00eancia, as realiza\u00e7\u00f5es, os resultados. O Brasil precisa de menos pol\u00edtica, mais a\u00e7\u00e3o, mais sentimento de brasilidade e civismo, mais profissionalismo. Menos \u00f3dio, menos rancor, mais converg\u00eancia. A pol\u00edtica s\u00f3 vale a pena se for assim\u201d<\/p>\n<p>Gabinete de Imprensa do Governador de Goi\u00e1s<\/p>\n","protected":false},"excerpt":{"rendered":"<p>A Organiza\u00e7\u00e3o Vilaboense de Artes e Tradi\u00e7\u00f5es \u2013 OVAT \u2013 entregou, no final da tarde desta quarta-feira, dia 28, ao governador Marconi Perillo a Comenda Veiga Valle, a mais alta distin\u00e7\u00e3o oferecida pela institui\u00e7\u00e3o a pessoas que se destacam pelo incentivo e apoio \u00e0s artes, \u00e0 cultura e \u00e0 preserva\u00e7\u00e3o das tradi\u00e7\u00f5es da cidade de &hellip;<\/p>\n","protected":false},"author":2,"featured_media":32586,"comment_status":"open","ping_status":"open","sticky":false,"template":"","format":"standard","meta":{"footnotes":""},"categories":[4],"tags":[],"class_list":["post-33355","post","type-post","status-publish","format-standard","has-post-thumbnail","hentry","category-ultimas-noticias"],"_links":{"self":[{"href":"https:\/\/goiasemtempo.com.br\/home\/wp-json\/wp\/v2\/posts\/33355","targetHints":{"allow":["GET"]}}],"collection":[{"href":"https:\/\/goiasemtempo.com.br\/home\/wp-json\/wp\/v2\/posts"}],"about":[{"href":"https:\/\/goiasemtempo.com.br\/home\/wp-json\/wp\/v2\/types\/post"}],"author":[{"embeddable":true,"href":"https:\/\/goiasemtempo.com.br\/home\/wp-json\/wp\/v2\/users\/2"}],"replies":[{"embeddable":true,"href":"https:\/\/goiasemtempo.com.br\/home\/wp-json\/wp\/v2\/comments?post=33355"}],"version-history":[{"count":1,"href":"https:\/\/goiasemtempo.com.br\/home\/wp-json\/wp\/v2\/posts\/33355\/revisions"}],"predecessor-version":[{"id":33356,"href":"https:\/\/goiasemtempo.com.br\/home\/wp-json\/wp\/v2\/posts\/33355\/revisions\/33356"}],"wp:featuredmedia":[{"embeddable":true,"href":"https:\/\/goiasemtempo.com.br\/home\/wp-json\/wp\/v2\/media\/32586"}],"wp:attachment":[{"href":"https:\/\/goiasemtempo.com.br\/home\/wp-json\/wp\/v2\/media?parent=33355"}],"wp:term":[{"taxonomy":"category","embeddable":true,"href":"https:\/\/goiasemtempo.com.br\/home\/wp-json\/wp\/v2\/categories?post=33355"},{"taxonomy":"post_tag","embeddable":true,"href":"https:\/\/goiasemtempo.com.br\/home\/wp-json\/wp\/v2\/tags?post=33355"}],"curies":[{"name":"wp","href":"https:\/\/api.w.org\/{rel}","templated":true}]}}