{"id":33186,"date":"2018-03-31T07:55:31","date_gmt":"2018-03-31T07:55:31","guid":{"rendered":"https:\/\/goiasemtempo.com.br\/home\/?p=33186"},"modified":"2018-03-31T07:55:31","modified_gmt":"2018-03-31T07:55:31","slug":"policia-civil-prende-quatro-por-carcere-privado-em-clinica-da-capital","status":"publish","type":"post","link":"https:\/\/goiasemtempo.com.br\/home\/policia-civil-prende-quatro-por-carcere-privado-em-clinica-da-capital\/","title":{"rendered":"Pol\u00edcia Civil prende quatro por c\u00e1rcere privado em cl\u00ednica da capital"},"content":{"rendered":"<p>A Pol\u00edcia Judici\u00e1ria Civil prendeu em flagrante quatro pessoas acusadas de sequestro, c\u00e1rcere privado qualificado e tortura praticada contra um homem de 50 anos que foi internado a for\u00e7a em um centro de recupera\u00e7\u00e3o para dependentes qu\u00edmicos de Cuiab\u00e1.<\/p>\n<p>A v\u00edtima, M.V.C, 50, foi resgatada por policiais da 1\u00aa Delegacia de Pol\u00edcia, de V\u00e1rzea Grande, na manh\u00e3 desta ter\u00e7a-feira (27.03), ap\u00f3s permanecer internada por cerca de 25 dias, sem o consentimento da filha e da advogada constitu\u00edda por ele.<\/p>\n<p>Segundo o delegado, Bruno Lima Barcellos, a irm\u00e3 da v\u00edtima, que teria  assinado a documenta\u00e7\u00e3o para interna\u00e7\u00e3o, e os propriet\u00e1rios da cl\u00ednica, supostamente, for\u00e7avam M.V.C. a assinar uma autoriza\u00e7\u00e3o  de pleno acesso a uma conta judicial administrada pela v\u00edtima e outros bens. \u201cEstamos apurando essa informa\u00e7\u00e3o\u201d, disse o delegado. \u201cFoi a irm\u00e3 que assinou o contrato de interna\u00e7\u00e3o e autoriza\u00e7\u00e3o para interna\u00e7\u00e3o contra a vontade dele (v\u00edtima) e da fam\u00edlia (filha) e a advogada dele\u201d, completou Barcellos.  <\/p>\n<p>A filha j\u00e1 tinha feito boletim de ocorr\u00eancia comunicando o desaparecimento do pai, mas a Delegacia Especializada de Homic\u00eddio e Prote\u00e7\u00e3o a Pessoa (DHPP) entendeu que n\u00e3o era caso de desaparecimento e repassou a 1\u00aa Delegacia de Pol\u00edcia, em V\u00e1rzea Grande.<\/p>\n<p>No come\u00e7o do m\u00eas a v\u00edtima foi sequestrada, em Chapada dos Guimar\u00e3es, por homens que teriam se identificado como policiais e levada \u00e0 cl\u00ednica, onde foi  internada sem seu consentimento, pois n\u00e3o tem nenhum tipo de depend\u00eancia qu\u00edmica ou outro tipo de doen\u00e7a, que necessite de interna\u00e7\u00e3o para o tratamento.<\/p>\n<p>\u201cEu acredito que se n\u00e3o tiv\u00e9ssemos feito essa interven\u00e7\u00e3o agora, essa v\u00edtima, possivelmente, seria morta. A fam\u00edlia o procurou na cl\u00ednica, ora falavam que ele estava internado ora que tinha sa\u00eddo. A v\u00edtima estava incomunic\u00e1vel, n\u00e3o recebia liga\u00e7\u00e3o e tamb\u00e9m n\u00e3o fazia. Ficava l\u00e1 sem que ningu\u00e9m soubesse o paradeiro dele, a n\u00e3o ser a irm\u00e3\u201d, finalizou o delegado.<\/p>\n<p>A Pol\u00edcia Civil procura a irm\u00e3 da v\u00edtima para dar explica\u00e7\u00f5es na Delegacia. Os nomes dos presos n\u00e3o foram informados, por ainda estar em andamento o trabalho de investiga\u00e7\u00e3o.<\/p>\n","protected":false},"excerpt":{"rendered":"<p>A Pol\u00edcia Judici\u00e1ria Civil prendeu em flagrante quatro pessoas acusadas de sequestro, c\u00e1rcere privado qualificado e tortura praticada contra um homem de 50 anos que foi internado a for\u00e7a em um centro de recupera\u00e7\u00e3o para dependentes qu\u00edmicos de Cuiab\u00e1. A v\u00edtima, M.V.C, 50, foi resgatada por policiais da 1\u00aa Delegacia de Pol\u00edcia, de V\u00e1rzea Grande, &hellip;<\/p>\n","protected":false},"author":2,"featured_media":32501,"comment_status":"open","ping_status":"open","sticky":false,"template":"","format":"standard","meta":{"footnotes":""},"categories":[4],"tags":[],"class_list":["post-33186","post","type-post","status-publish","format-standard","has-post-thumbnail","hentry","category-ultimas-noticias"],"_links":{"self":[{"href":"https:\/\/goiasemtempo.com.br\/home\/wp-json\/wp\/v2\/posts\/33186","targetHints":{"allow":["GET"]}}],"collection":[{"href":"https:\/\/goiasemtempo.com.br\/home\/wp-json\/wp\/v2\/posts"}],"about":[{"href":"https:\/\/goiasemtempo.com.br\/home\/wp-json\/wp\/v2\/types\/post"}],"author":[{"embeddable":true,"href":"https:\/\/goiasemtempo.com.br\/home\/wp-json\/wp\/v2\/users\/2"}],"replies":[{"embeddable":true,"href":"https:\/\/goiasemtempo.com.br\/home\/wp-json\/wp\/v2\/comments?post=33186"}],"version-history":[{"count":1,"href":"https:\/\/goiasemtempo.com.br\/home\/wp-json\/wp\/v2\/posts\/33186\/revisions"}],"predecessor-version":[{"id":33187,"href":"https:\/\/goiasemtempo.com.br\/home\/wp-json\/wp\/v2\/posts\/33186\/revisions\/33187"}],"wp:featuredmedia":[{"embeddable":true,"href":"https:\/\/goiasemtempo.com.br\/home\/wp-json\/wp\/v2\/media\/32501"}],"wp:attachment":[{"href":"https:\/\/goiasemtempo.com.br\/home\/wp-json\/wp\/v2\/media?parent=33186"}],"wp:term":[{"taxonomy":"category","embeddable":true,"href":"https:\/\/goiasemtempo.com.br\/home\/wp-json\/wp\/v2\/categories?post=33186"},{"taxonomy":"post_tag","embeddable":true,"href":"https:\/\/goiasemtempo.com.br\/home\/wp-json\/wp\/v2\/tags?post=33186"}],"curies":[{"name":"wp","href":"https:\/\/api.w.org\/{rel}","templated":true}]}}