{"id":3318,"date":"2017-12-24T11:08:30","date_gmt":"2017-12-24T11:08:30","guid":{"rendered":"http:\/\/goiasemtempo.com.br\/home\/?p=3318"},"modified":"2017-12-24T11:08:30","modified_gmt":"2017-12-24T11:08:30","slug":"temer-se-reune-com-ministros-e-aliados-no-palacio-do-jaburu","status":"publish","type":"post","link":"https:\/\/goiasemtempo.com.br\/home\/temer-se-reune-com-ministros-e-aliados-no-palacio-do-jaburu\/","title":{"rendered":"Temer se re\u00fane com ministros e aliados no Pal\u00e1cio do Jaburu"},"content":{"rendered":"<p>O presidente Michel Temer reuniu-se no fim da tarde deste domingo (24) com alguns de seus ministros mais pr\u00f3ximos e com parlamentares da base aliada, no Pal\u00e1cio do Jaburu. O encontro n\u00e3o estava previsto na agenda oficial de Temer. Segundo a assessoria do Pal\u00e1cio do Planalto, a reuni\u00e3o \u00e9 de praxe e o assunto deste domingo foi a agenda pol\u00edtica da semana.<\/p>\n<p>Semana que dever\u00e1 ser marcada pelo recebimento, pela C\u00e2mara dos Deputados, da nova den\u00fancia da Procuradoria-Geral da Rep\u00fablica (PGR) contra o presidente Michel Temer, acusado pelos crimes de organiza\u00e7\u00e3o criminosa e obstru\u00e7\u00e3o de Justi\u00e7a.<\/p>\n<p>Outro tema de interesse do governo inclu\u00eddo na pauta da C\u00e2mara para esta semana \u00e9 a conclus\u00e3o do debate em torno da reforma pol\u00edtica. As sess\u00f5es do plen\u00e1rio est\u00e3o marcadas para come\u00e7ar a partir das 11h30 de ter\u00e7a-feira (26).<\/p>\n<p>Participaram do encontro os ministros da Casa Civil, Eliseu Padilha; da Secretaria-Geral da Presid\u00eancia da Rep\u00fablica, Moreira Franco; da Secretaria de Governo, Ant\u00f4nio Imbassahy; e do Desenvolvimento Social e Agr\u00e1rio, Osmar Terra.<\/p>\n<p>Tamb\u00e9m passaram pela resid\u00eancia oficial de Temer o senador Romero Juc\u00e1 (PMBD-RR) e os deputados federais Pauderney Avelino (DEM-AM), Aguinaldo Ribeiro (PP-PB), Darc\u00edsio Perondi (PMDB-RS) e Andr\u00e9 Moura (PSC-SE).<\/p>\n","protected":false},"excerpt":{"rendered":"<p>O presidente Michel Temer reuniu-se no fim da tarde deste domingo (24) com alguns de seus ministros mais pr\u00f3ximos e com parlamentares da base aliada, no Pal\u00e1cio do Jaburu. O encontro n\u00e3o estava previsto na agenda oficial de Temer. Segundo a assessoria do Pal\u00e1cio do Planalto, a reuni\u00e3o \u00e9 de praxe e o assunto deste &hellip;<\/p>\n","protected":false},"author":2,"featured_media":1045,"comment_status":"open","ping_status":"open","sticky":false,"template":"","format":"standard","meta":{"footnotes":""},"categories":[4],"tags":[],"class_list":["post-3318","post","type-post","status-publish","format-standard","has-post-thumbnail","hentry","category-ultimas-noticias"],"_links":{"self":[{"href":"https:\/\/goiasemtempo.com.br\/home\/wp-json\/wp\/v2\/posts\/3318","targetHints":{"allow":["GET"]}}],"collection":[{"href":"https:\/\/goiasemtempo.com.br\/home\/wp-json\/wp\/v2\/posts"}],"about":[{"href":"https:\/\/goiasemtempo.com.br\/home\/wp-json\/wp\/v2\/types\/post"}],"author":[{"embeddable":true,"href":"https:\/\/goiasemtempo.com.br\/home\/wp-json\/wp\/v2\/users\/2"}],"replies":[{"embeddable":true,"href":"https:\/\/goiasemtempo.com.br\/home\/wp-json\/wp\/v2\/comments?post=3318"}],"version-history":[{"count":1,"href":"https:\/\/goiasemtempo.com.br\/home\/wp-json\/wp\/v2\/posts\/3318\/revisions"}],"predecessor-version":[{"id":3319,"href":"https:\/\/goiasemtempo.com.br\/home\/wp-json\/wp\/v2\/posts\/3318\/revisions\/3319"}],"wp:featuredmedia":[{"embeddable":true,"href":"https:\/\/goiasemtempo.com.br\/home\/wp-json\/wp\/v2\/media\/1045"}],"wp:attachment":[{"href":"https:\/\/goiasemtempo.com.br\/home\/wp-json\/wp\/v2\/media?parent=3318"}],"wp:term":[{"taxonomy":"category","embeddable":true,"href":"https:\/\/goiasemtempo.com.br\/home\/wp-json\/wp\/v2\/categories?post=3318"},{"taxonomy":"post_tag","embeddable":true,"href":"https:\/\/goiasemtempo.com.br\/home\/wp-json\/wp\/v2\/tags?post=3318"}],"curies":[{"name":"wp","href":"https:\/\/api.w.org\/{rel}","templated":true}]}}