{"id":33154,"date":"2018-03-31T07:42:43","date_gmt":"2018-03-31T07:42:43","guid":{"rendered":"https:\/\/goiasemtempo.com.br\/home\/?p=33154"},"modified":"2018-03-31T07:42:43","modified_gmt":"2018-03-31T07:42:43","slug":"fundacao-joao-pinheiro-divulga-cursos-de-capacitacao-para-os-proximos-meses","status":"publish","type":"post","link":"https:\/\/goiasemtempo.com.br\/home\/fundacao-joao-pinheiro-divulga-cursos-de-capacitacao-para-os-proximos-meses\/","title":{"rendered":"Funda\u00e7\u00e3o Jo\u00e3o Pinheiro divulga cursos de capacita\u00e7\u00e3o para os pr\u00f3ximos meses"},"content":{"rendered":"<p>A Funda\u00e7\u00e3o Jo\u00e3o Pinheiro (FJP) vai ofertar nos meses de abril, maio e junho sete cursos de capacita\u00e7\u00e3o nas \u00e1reas de Excel Avan\u00e7ado no Setor P\u00fablico, Pol\u00edtica e Gest\u00e3o Cultural, Gest\u00e3o Or\u00e7ament\u00e1ria e Financeira, Sistema de Registro de Pre\u00e7os, Forma\u00e7\u00e3o de Pregoeiros, Gest\u00e3o de Riscos e Estat\u00edstica no Servi\u00e7o P\u00fablico. As inscri\u00e7\u00f5es est\u00e3o abertas e podem ser feitas na p\u00e1gina da Escola de Governo da FJP.<\/p>\n<p>Os cursos de capacita\u00e7\u00e3o t\u00eam curta dura\u00e7\u00e3o e s\u00e3o voltados para profissionais dos setores p\u00fablico e privado. A iniciativa de oferecer regularmente esta modalidade de cursos tem os objetivos de fornecer qualifica\u00e7\u00e3o para o mercado de trabalho e de colaborar para a melhoria cont\u00ednua do desempenho servidores das diferentes esferas de governo.<\/p>\n<p>As aulas acontecem no campus Brasil da FJP (Avenida Brasil, 674, Santa Efig\u00eania &#8211; Belo Horizonte\/MG) e as ementas dos cursos e demais informa\u00e7\u00f5es podem ser solicitadas pelos telefones (31) 3238-1306, (31) 3238-1307 ou (31) 3238-1308.<\/p>\n<p>Os interessados devem preencher a ficha de inscri\u00e7\u00e3o online e encaminhar o comprovante de pagamento (Documento de Arrecada\u00e7\u00e3o Eletr\u00f4nica &#8211; DAE ou nota de empenho) para o endere\u00e7o cursos.abertos@fjp.mg.gov.br ou para o fax (31) 3238-1331.<\/p>\n<p>Programa\u00e7\u00e3o: <\/p>\n<p>Excel Avan\u00e7ado no Setor P\u00fablico [24 horas\/aula]<\/p>\n<p>Inscri\u00e7\u00f5es: at\u00e9 28 de mar\u00e7o | 2018<\/p>\n<p>Aulas: 9, 11, 13, 16, 18 e 20 de abril<br \/>\nHor\u00e1rio: 8h30 \u00e0s 12h30<br \/>\nInvestimento: R$ 442,81<br \/>\nPr\u00e9-requisitos: conhecimento b\u00e1sico em MS Excel<\/p>\n<p>Pol\u00edtica e Gest\u00e3o Cultural [32 horas\/aula]<br \/>\nInscri\u00e7\u00f5es: at\u00e9 3 de abril | 2018<\/p>\n<p>Aulas: 17, 18, 19, 20, 24, 25, 26, 27 de abril<br \/>\nHor\u00e1rio: 14h \u00e0s 18h<br \/>\nInvestimento: R$ 580,81<\/p>\n<p>Gest\u00e3o Or\u00e7ament\u00e1ria e Financeira [32 horas\/aula]<br \/>\nInscri\u00e7\u00f5es: at\u00e9 3 de abril | 2018<\/p>\n<p>Aulas: 17, 18, 19, 20, 24, 25, 26 e 27 de abril<br \/>\nHor\u00e1rio: 8h30 \u00e0s 12h30<br \/>\nInvestimento: R$ 580,81<\/p>\n<p>Sistema de Registro de Pre\u00e7os [20 horas\/aula]<br \/>\nInscri\u00e7\u00f5es: at\u00e9 23 de abril | 2018<\/p>\n<p>Aulas: 7, 8, 9, 10 e 11 de maio<br \/>\nHor\u00e1rio: 8h30 \u00e0s 12h30<br \/>\nInvestimento: R$ 373,81<br \/>\nPr\u00e9-requisitos: conhecimento b\u00e1sico em licita\u00e7\u00f5es        <\/p>\n<p>Forma\u00e7\u00e3o de Pregoeiros [20 horas\/aula]<br \/>\nInscri\u00e7\u00f5es: at\u00e9 30 de abril | 2018<\/p>\n<p>Aulas: 14, 15, 16, 17 e 18 de maio<br \/>\nHor\u00e1rio: 8h30 \u00e0s 12h30<br \/>\nInvestimento: R$ 373,81<\/p>\n<p>Gest\u00e3o de Riscos [20 horas\/aula]<br \/>\nInscri\u00e7\u00f5es: at\u00e9 7 de maio | 2018<\/p>\n<p>Aulas: 22, 23, 24 de maio, 5 e 7 de junho<br \/>\nHor\u00e1rio: 8h30 \u00e0s 12h30<br \/>\nInvestimento: R$ 373,81<\/p>\n<p>Estat\u00edstica no Servi\u00e7o P\u00fablico [24 horas\/aula]<br \/>\nInscri\u00e7\u00f5es: at\u00e9 23 de maio | 2018<\/p>\n<p>Aulas: 5, 6, 8, 12, 13, 15 de junho<br \/>\nHor\u00e1rio: 8h30 \u00e0s 12h30<br \/>\nInvestimento: R$ 442,81<br \/>\nPr\u00e9-requisitos: conhecimento b\u00e1sico em matem\u00e1tica e no\u00e7\u00f5es de inform\u00e1tica<\/p>\n","protected":false},"excerpt":{"rendered":"<p>A Funda\u00e7\u00e3o Jo\u00e3o Pinheiro (FJP) vai ofertar nos meses de abril, maio e junho sete cursos de capacita\u00e7\u00e3o nas \u00e1reas de Excel Avan\u00e7ado no Setor P\u00fablico, Pol\u00edtica e Gest\u00e3o Cultural, Gest\u00e3o Or\u00e7ament\u00e1ria e Financeira, Sistema de Registro de Pre\u00e7os, Forma\u00e7\u00e3o de Pregoeiros, Gest\u00e3o de Riscos e Estat\u00edstica no Servi\u00e7o P\u00fablico. As inscri\u00e7\u00f5es est\u00e3o abertas e &hellip;<\/p>\n","protected":false},"author":2,"featured_media":32485,"comment_status":"open","ping_status":"open","sticky":false,"template":"","format":"standard","meta":{"footnotes":""},"categories":[4],"tags":[],"class_list":["post-33154","post","type-post","status-publish","format-standard","has-post-thumbnail","hentry","category-ultimas-noticias"],"_links":{"self":[{"href":"https:\/\/goiasemtempo.com.br\/home\/wp-json\/wp\/v2\/posts\/33154","targetHints":{"allow":["GET"]}}],"collection":[{"href":"https:\/\/goiasemtempo.com.br\/home\/wp-json\/wp\/v2\/posts"}],"about":[{"href":"https:\/\/goiasemtempo.com.br\/home\/wp-json\/wp\/v2\/types\/post"}],"author":[{"embeddable":true,"href":"https:\/\/goiasemtempo.com.br\/home\/wp-json\/wp\/v2\/users\/2"}],"replies":[{"embeddable":true,"href":"https:\/\/goiasemtempo.com.br\/home\/wp-json\/wp\/v2\/comments?post=33154"}],"version-history":[{"count":1,"href":"https:\/\/goiasemtempo.com.br\/home\/wp-json\/wp\/v2\/posts\/33154\/revisions"}],"predecessor-version":[{"id":33155,"href":"https:\/\/goiasemtempo.com.br\/home\/wp-json\/wp\/v2\/posts\/33154\/revisions\/33155"}],"wp:featuredmedia":[{"embeddable":true,"href":"https:\/\/goiasemtempo.com.br\/home\/wp-json\/wp\/v2\/media\/32485"}],"wp:attachment":[{"href":"https:\/\/goiasemtempo.com.br\/home\/wp-json\/wp\/v2\/media?parent=33154"}],"wp:term":[{"taxonomy":"category","embeddable":true,"href":"https:\/\/goiasemtempo.com.br\/home\/wp-json\/wp\/v2\/categories?post=33154"},{"taxonomy":"post_tag","embeddable":true,"href":"https:\/\/goiasemtempo.com.br\/home\/wp-json\/wp\/v2\/tags?post=33154"}],"curies":[{"name":"wp","href":"https:\/\/api.w.org\/{rel}","templated":true}]}}