{"id":33136,"date":"2018-03-31T07:35:27","date_gmt":"2018-03-31T07:35:27","guid":{"rendered":"https:\/\/goiasemtempo.com.br\/home\/?p=33136"},"modified":"2018-03-31T07:35:27","modified_gmt":"2018-03-31T07:35:27","slug":"apicultura-sera-representada-no-conselho-estadual-de-politica-agricola","status":"publish","type":"post","link":"https:\/\/goiasemtempo.com.br\/home\/apicultura-sera-representada-no-conselho-estadual-de-politica-agricola\/","title":{"rendered":"Apicultura ser\u00e1 representada no Conselho Estadual de Pol\u00edtica Agr\u00edcola"},"content":{"rendered":"<p>A Secretaria de Agricultura, Pecu\u00e1ria e Abastecimento (Seapa) iniciou os procedimentos para a cria\u00e7\u00e3o da C\u00e2mara T\u00e9cnica Setorial do Mel e Produtos das Abelhas. A proposta \u00e9 que ela entre em funcionamento em abril deste ano e seja composta por 21 assentos, divididos entre as institui\u00e7\u00f5es do setor privado que atuam no segmento (50 por cento mais um) e o restante repartido entre as institui\u00e7\u00f5es do setor p\u00fablico.<\/p>\n<p>Segundo o secret\u00e1rio de Agricultura Pedro Leit\u00e3o, a instala\u00e7\u00e3o da c\u00e2mara t\u00e9cnica \u00e9 uma reivindica\u00e7\u00e3o antiga dos apicultores. \u201cA c\u00e2mara \u00e9 o f\u00f3rum leg\u00edtimo e representativo do setor e tem a fun\u00e7\u00e3o de atuar como ouvidoria e, tamb\u00e9m, ser propositiva e deliberativa para a solu\u00e7\u00e3o dos entraves que afetam a cadeia produtiva\u201d, explica.<\/p>\n<p>Atualmente, 16 c\u00e2maras t\u00e9cnicas e setoriais est\u00e3o representadas no Conselho Estadual de Pol\u00edtica Agr\u00edcola (Cepa) e operam no Sistema da Agricultura em Minas Gerais. S\u00e3o eles: cacha\u00e7a de alambique; caf\u00e9; floricultura; fruticultura; gr\u00e3os; olericultura; silvicultura; aquacultura; avicultura; bovinocultura de corte; bovinocultura de leite; equideocultura; ovino e caprinocultura; suinocultura; defesa agropecu\u00e1ria; seguro e cr\u00e9dito rural.<\/p>\n<p>\u201cAs contribui\u00e7\u00f5es dos conselheiros do Cepa e das C\u00e2maras T\u00e9cnicas s\u00e3o de grande import\u00e2ncia pois produzem demandas cruciais para a formula\u00e7\u00e3o de pol\u00edticas p\u00fablicas na agropecu\u00e1ria. Por isso, \u00e9 fundamental que os representantes de todas as cadeias produtivas estejam presentes\u201d, refor\u00e7a o secret\u00e1rio Pedro Leit\u00e3o, presidente do Cepa.<\/p>\n<p>Fonte de renda<\/p>\n<p>A produ\u00e7\u00e3o de mel e derivados se apresenta como fonte alternativa de renda para os produtores de todas as regi\u00f5es do estado. No Norte de Minas, devido aos problemas de chuvas irregulares e escassez h\u00eddrica, a apicultura, muitas vezes, se apresenta como a \u00fanica fonte de renda para as fam\u00edlias.<\/p>\n<p>Segundo a Emater-MG, Minas Gerais produz aproximadamente 5,8 mil toneladas de mel por ano, com destaque para a Zona da Mata (1,2 mil toneladas\/ano), Vale do Jequitinhonha (1 mil toneladas\/ano) e Norte (804 toneladas\/ano).<\/p>\n<p>Um dos projetos da Secretaria de Agricultura para impulsionar a atividade \u00e9 a compra e distribui\u00e7\u00e3o de kits de apicultura para associa\u00e7\u00f5es a partir do ano que vem. Cada kit ser\u00e1 formado por 20 colmeias, 20 quilos de cera, dois Equipamentos de Prote\u00e7\u00e3o Individual (EPI), dois fumegadores, dois form\u00f5es e duas carretilhas.<\/p>\n<p>O setor chega como atra\u00e7\u00e3o na 58a Exposi\u00e7\u00e3o Estadual Agropecu\u00e1ria, que ser\u00e1 realizada no per\u00edodo de 22 a 27 de maio, no Parque da Gameleira (BH). \u201cPela primeira vez vamos trazer e montar na exposi\u00e7\u00e3o estadual a infraestrutura para a retirada, processamento e coloca\u00e7\u00e3o do mel em sach\u00eas. \u00c9 uma maneira de aproximar a atividade do p\u00fablico urbano\u201d, explica o secret\u00e1rio.<\/p>\n<p>Durante a exposi\u00e7\u00e3o, tamb\u00e9m ser\u00e1 apresentada a diversifica\u00e7\u00e3o da atividade, com a exposi\u00e7\u00e3o de v\u00e1rios produtos derivados da apicultura (pr\u00f3polis, p\u00f3len, cera e geleia real), al\u00e9m dos v\u00e1rios tipos de mel produzidos a partir de floradas espec\u00edficas.<\/p>\n","protected":false},"excerpt":{"rendered":"<p>A Secretaria de Agricultura, Pecu\u00e1ria e Abastecimento (Seapa) iniciou os procedimentos para a cria\u00e7\u00e3o da C\u00e2mara T\u00e9cnica Setorial do Mel e Produtos das Abelhas. A proposta \u00e9 que ela entre em funcionamento em abril deste ano e seja composta por 21 assentos, divididos entre as institui\u00e7\u00f5es do setor privado que atuam no segmento (50 por &hellip;<\/p>\n","protected":false},"author":2,"featured_media":32476,"comment_status":"open","ping_status":"open","sticky":false,"template":"","format":"standard","meta":{"_exactmetrics_skip_tracking":false,"_exactmetrics_sitenote_active":false,"_exactmetrics_sitenote_note":"","_exactmetrics_sitenote_category":0,"footnotes":""},"categories":[4],"tags":[],"_links":{"self":[{"href":"https:\/\/goiasemtempo.com.br\/home\/wp-json\/wp\/v2\/posts\/33136"}],"collection":[{"href":"https:\/\/goiasemtempo.com.br\/home\/wp-json\/wp\/v2\/posts"}],"about":[{"href":"https:\/\/goiasemtempo.com.br\/home\/wp-json\/wp\/v2\/types\/post"}],"author":[{"embeddable":true,"href":"https:\/\/goiasemtempo.com.br\/home\/wp-json\/wp\/v2\/users\/2"}],"replies":[{"embeddable":true,"href":"https:\/\/goiasemtempo.com.br\/home\/wp-json\/wp\/v2\/comments?post=33136"}],"version-history":[{"count":1,"href":"https:\/\/goiasemtempo.com.br\/home\/wp-json\/wp\/v2\/posts\/33136\/revisions"}],"predecessor-version":[{"id":33137,"href":"https:\/\/goiasemtempo.com.br\/home\/wp-json\/wp\/v2\/posts\/33136\/revisions\/33137"}],"wp:featuredmedia":[{"embeddable":true,"href":"https:\/\/goiasemtempo.com.br\/home\/wp-json\/wp\/v2\/media\/32476"}],"wp:attachment":[{"href":"https:\/\/goiasemtempo.com.br\/home\/wp-json\/wp\/v2\/media?parent=33136"}],"wp:term":[{"taxonomy":"category","embeddable":true,"href":"https:\/\/goiasemtempo.com.br\/home\/wp-json\/wp\/v2\/categories?post=33136"},{"taxonomy":"post_tag","embeddable":true,"href":"https:\/\/goiasemtempo.com.br\/home\/wp-json\/wp\/v2\/tags?post=33136"}],"curies":[{"name":"wp","href":"https:\/\/api.w.org\/{rel}","templated":true}]}}