{"id":33050,"date":"2018-03-31T07:00:57","date_gmt":"2018-03-31T07:00:57","guid":{"rendered":"https:\/\/goiasemtempo.com.br\/home\/?p=33050"},"modified":"2018-03-31T07:00:57","modified_gmt":"2018-03-31T07:00:57","slug":"onibus-da-caravana-de-lula-sao-atingidos-por-tres-tiros","status":"publish","type":"post","link":"https:\/\/goiasemtempo.com.br\/home\/onibus-da-caravana-de-lula-sao-atingidos-por-tres-tiros\/","title":{"rendered":"\u00d4nibus da caravana de Lula s\u00e3o atingidos por tr\u00eas tiros"},"content":{"rendered":"<p>Dois \u00f4nibus da caravana do ex-presidente Luiz In\u00e1cio Lula da Silva pelo sul do Brasil foram atingidos por disparos nesta ter\u00e7a-feira (27) sem deixar feridos, denunciou a presidente do Partido dos Trabalhadores (PT), Gleise Hoffmann.<\/p>\n<p>Um dos tr\u00eas \u00f4nibus da comitiva, que transportava jornalistas, foi atingido por dois tiros e o outro, que levava convidados foi alvo de um disparo. Lula e Hoffmann viajavam em um carro, que n\u00e3o foi alvejado no ataque.<\/p>\n<p>Foi justamente o \u00f4nibus em que estava a imprensa que acompanha a caravana e outro \u00f4nibus dos convidados os atingidos, informou Hoffmann por telefone \u00e0 AFP.<\/p>\n<p>O autor dos disparos teve a inten\u00e7\u00e3o de ferir, de matar a quem estava dentro do \u00f4nibus, afirmou.<\/p>\n<p>Estamos avaliando que isso foi uma tentativa de atingir o presidente Lula. A caravana \u00e9 de Lula. Houve uma tentativa de homic\u00eddio, afirmou.<\/p>\n<p>O ataque aconteceu entre as cidades de Quedas do Igua\u00e7u e Laranjeiras, no estado do Paran\u00e1.<\/p>\n<p>No Twitter, a hashtag #LulapeloBrasil mostrava um \u00f4nibus com marca de tiro.<\/p>\n<p>A nossa caravana est\u00e1 sendo perseguida por grupos fascistas. J\u00e1 atiraram ovos, pedras. Hoje deram at\u00e9 um tiro no \u00f4nibus, relatou Lula em sua conta no Twitter.<\/p>\n<p>Ningu\u00e9m foi ferido, completou, em outro tu\u00edte, o senador Lindbergh Farias (PT-RJ).<\/p>\n<p>Esperamos que o governo do estado [do Paran\u00e1] e o federal, seja golpista ou n\u00e3o, assuma a responsabilidade, acrescentou.<\/p>\n<p>Lula encerrar\u00e1 na quarta-feira, em Curitiba, a caravana de dez dias pelos estados do sul, durante a qual sua comitiva foi constantemente hostilizada por advers\u00e1rios pol\u00edticos.<\/p>\n","protected":false},"excerpt":{"rendered":"<p>Dois \u00f4nibus da caravana do ex-presidente Luiz In\u00e1cio Lula da Silva pelo sul do Brasil foram atingidos por disparos nesta ter\u00e7a-feira (27) sem deixar feridos, denunciou a presidente do Partido dos Trabalhadores (PT), Gleise Hoffmann. Um dos tr\u00eas \u00f4nibus da comitiva, que transportava jornalistas, foi atingido por dois tiros e o outro, que levava convidados &hellip;<\/p>\n","protected":false},"author":2,"featured_media":32433,"comment_status":"open","ping_status":"open","sticky":false,"template":"","format":"standard","meta":{"_exactmetrics_skip_tracking":false,"_exactmetrics_sitenote_active":false,"_exactmetrics_sitenote_note":"","_exactmetrics_sitenote_category":0,"footnotes":""},"categories":[4],"tags":[],"_links":{"self":[{"href":"https:\/\/goiasemtempo.com.br\/home\/wp-json\/wp\/v2\/posts\/33050"}],"collection":[{"href":"https:\/\/goiasemtempo.com.br\/home\/wp-json\/wp\/v2\/posts"}],"about":[{"href":"https:\/\/goiasemtempo.com.br\/home\/wp-json\/wp\/v2\/types\/post"}],"author":[{"embeddable":true,"href":"https:\/\/goiasemtempo.com.br\/home\/wp-json\/wp\/v2\/users\/2"}],"replies":[{"embeddable":true,"href":"https:\/\/goiasemtempo.com.br\/home\/wp-json\/wp\/v2\/comments?post=33050"}],"version-history":[{"count":1,"href":"https:\/\/goiasemtempo.com.br\/home\/wp-json\/wp\/v2\/posts\/33050\/revisions"}],"predecessor-version":[{"id":33051,"href":"https:\/\/goiasemtempo.com.br\/home\/wp-json\/wp\/v2\/posts\/33050\/revisions\/33051"}],"wp:featuredmedia":[{"embeddable":true,"href":"https:\/\/goiasemtempo.com.br\/home\/wp-json\/wp\/v2\/media\/32433"}],"wp:attachment":[{"href":"https:\/\/goiasemtempo.com.br\/home\/wp-json\/wp\/v2\/media?parent=33050"}],"wp:term":[{"taxonomy":"category","embeddable":true,"href":"https:\/\/goiasemtempo.com.br\/home\/wp-json\/wp\/v2\/categories?post=33050"},{"taxonomy":"post_tag","embeddable":true,"href":"https:\/\/goiasemtempo.com.br\/home\/wp-json\/wp\/v2\/tags?post=33050"}],"curies":[{"name":"wp","href":"https:\/\/api.w.org\/{rel}","templated":true}]}}