{"id":33032,"date":"2018-03-31T06:53:42","date_gmt":"2018-03-31T06:53:42","guid":{"rendered":"https:\/\/goiasemtempo.com.br\/home\/?p=33032"},"modified":"2018-03-31T06:53:42","modified_gmt":"2018-03-31T06:53:42","slug":"autoridades-europeias-e-britanicas-exigem-explicacoes-de-zuckerberg","status":"publish","type":"post","link":"https:\/\/goiasemtempo.com.br\/home\/autoridades-europeias-e-britanicas-exigem-explicacoes-de-zuckerberg\/","title":{"rendered":"Autoridades europeias e brit\u00e2nicas exigem explica\u00e7\u00f5es de Zuckerberg"},"content":{"rendered":"<p>A Comiss\u00e3o Europeia e uma comiss\u00e3o parlamentar brit\u00e2nica exigiram nesta ter\u00e7a-feira (26) que Mark Zuckerberg, dono do Facebook, d\u00ea explica\u00e7\u00f5es sobre o uso de dados da rede social, mas o empres\u00e1rio americano resiste a ir a Londres.<\/p>\n<p>Zuckerberg prop\u00f4s enviar em seu lugar um de seus diretores adjuntos, segundo uma carta revelada nesta ter\u00e7a-feira, em meio ao esc\u00e2ndalo pelo suposto roubo dos dados de at\u00e9 50 milh\u00f5es de usu\u00e1rios do Facebook.<\/p>\n<p>A proposta foi rejeitada pelos deputados brit\u00e2nicos. O presidente da Comiss\u00e3o de Digital, Cultura e Imprensa, Damian Collins, avaliou que seria apropriado Zuckerberg se explicar pessoalmente, dada a gravidade das acusa\u00e7\u00f5es.<\/p>\n<p>O Facebook est\u00e1 meio de um esc\u00e2ndalo desde as revela\u00e7\u00f5es sobre as pr\u00e1ticas da empresa Cambridge Analytica (CA), acusada de ter recuperado, sem autoriza\u00e7\u00e3o, dados de 50 milh\u00f5es de usu\u00e1rios da plataforma social e de t\u00ea-los utilizado para apoiar a campanha presidencial de Donald Trump em 2016.<\/p>\n<p>Em carta a Collins, a diretora de pol\u00edticas p\u00fablicas do Facebook na Gr\u00e3-Bretanha, Rebecca Stminson, afirmou que Zuckerberg pediu pessoalmente a um de seus adjuntos que se colocasse \u00e0 disposi\u00e7\u00e3o para dar um depoimento em pessoa ante \u00e0 Comiss\u00e3o.<\/p>\n<p>Ela indica que o diretor t\u00e9cnico Mike Schroepfer, ou o de produtos, Chris Cox, poderiam estar presentes diretamente, ap\u00f3s o fim o fim do recesso de P\u00e1scoa, ou 16 de abril.<\/p>\n<p>Gostar\u00edamos de convidar Cox para dar um depoimento, declarou Collins no come\u00e7o de uma sess\u00e3o da Comiss\u00e3o cujo convidado \u00e9 Chris Wylie, ex-diretor de investiga\u00e7\u00e3o da CA que denunciou o caso.<\/p>\n<p>Mas gostar\u00edamos sobretudo de escutar Zuckerberg, acrescentou, apontando que podia faz\u00ea-lo pessoalmente, ou por videoconfer\u00eancia.<\/p>\n<p>O Facebook denunciou um abuso de confian\u00e7a, alegando ignorar o uso com fins pol\u00edticos dos dados coletados pela CA atrav\u00e9s de um aplicativo de question\u00e1rios psicol\u00f3gicos elaborado por um pesquisador universit\u00e1rio.<\/p>\n<p>A Comiss\u00e3o escutou nesta ter\u00e7a-feira o delator do esc\u00e2ndalo, Christopher Wylie, ex-diretor de pesquisa da CA, acusada de ter subtra\u00eddo os dados do Facebook.<\/p>\n<p>Wylie explicou que a empresa, assim como a AggregateIQ, ambas filiais da SCL, trabalharam para grupos pr\u00f3-Brexit durante a campanha do referendo sobre a sa\u00edda do Reino Unido da Uni\u00e3o Europeia, em 2016.<\/p>\n<p>Pode-se dizer razoavelmente que o resultado do referendo teria sido diferente se n\u00e3o tivesse produzido o que, a meu ver, s\u00e3o armadilhas, garantiu o especialista inform\u00e1tico.<\/p>\n<p>O organismo brit\u00e2nico que controla a privacidade de dados, o Information Commissionners Office (ICO), abriu uma investiga\u00e7\u00e3o sobre a CA e na sexta-feira passada registrou sua sede.<\/p>\n<p>&#8211; Prazo de duas semanas &#8211;<\/p>\n<p>J\u00e1 a comiss\u00e1ria europeia de Justi\u00e7a, Vera Jourova, deu duas semanas de prazo para os diretores do Facebook responderem a uma s\u00e9rie de quest\u00f5es, em particular sobre a forma como que a rede social aplica as regras europeias de prote\u00e7\u00e3o de dados.<\/p>\n<p>Em 20 de mar\u00e7o, o presidente do Parlamento europeu Antonio Tajani j\u00e1 tinha convidado Zuckerberg a dar explica\u00e7\u00f5es diante dos eurodeputados.<\/p>\n<p>Jourova tamb\u00e9m quer saber se h\u00e1 cidad\u00e3os europeus entre os usu\u00e1rios afetados.<\/p>\n<p>A diretora brit\u00e2nica Rebecca Stimson respondeu parcialmente a essa quest\u00e3o, inedicando que cerca de 1% dos downloads do aplicativo que permitiu o vazamento de dados do Facebook para a Cambridge Analytica foram realizados por usu\u00e1rios da Uni\u00e3o Europeia, alguns deles no Reino Unido.<\/p>\n<p>Zuckerberg pediu desculpas novamente no domingo. Temos uma responsabilidade: proteger seus dados. Se n\u00e3o conseguimos, n\u00e3o os merecemos, escreveu o CEO da rede social.<\/p>\n","protected":false},"excerpt":{"rendered":"<p>A Comiss\u00e3o Europeia e uma comiss\u00e3o parlamentar brit\u00e2nica exigiram nesta ter\u00e7a-feira (26) que Mark Zuckerberg, dono do Facebook, d\u00ea explica\u00e7\u00f5es sobre o uso de dados da rede social, mas o empres\u00e1rio americano resiste a ir a Londres. Zuckerberg prop\u00f4s enviar em seu lugar um de seus diretores adjuntos, segundo uma carta revelada nesta ter\u00e7a-feira, em &hellip;<\/p>\n","protected":false},"author":2,"featured_media":32424,"comment_status":"open","ping_status":"open","sticky":false,"template":"","format":"standard","meta":{"_exactmetrics_skip_tracking":false,"_exactmetrics_sitenote_active":false,"_exactmetrics_sitenote_note":"","_exactmetrics_sitenote_category":0,"footnotes":""},"categories":[4],"tags":[],"_links":{"self":[{"href":"https:\/\/goiasemtempo.com.br\/home\/wp-json\/wp\/v2\/posts\/33032"}],"collection":[{"href":"https:\/\/goiasemtempo.com.br\/home\/wp-json\/wp\/v2\/posts"}],"about":[{"href":"https:\/\/goiasemtempo.com.br\/home\/wp-json\/wp\/v2\/types\/post"}],"author":[{"embeddable":true,"href":"https:\/\/goiasemtempo.com.br\/home\/wp-json\/wp\/v2\/users\/2"}],"replies":[{"embeddable":true,"href":"https:\/\/goiasemtempo.com.br\/home\/wp-json\/wp\/v2\/comments?post=33032"}],"version-history":[{"count":1,"href":"https:\/\/goiasemtempo.com.br\/home\/wp-json\/wp\/v2\/posts\/33032\/revisions"}],"predecessor-version":[{"id":33033,"href":"https:\/\/goiasemtempo.com.br\/home\/wp-json\/wp\/v2\/posts\/33032\/revisions\/33033"}],"wp:featuredmedia":[{"embeddable":true,"href":"https:\/\/goiasemtempo.com.br\/home\/wp-json\/wp\/v2\/media\/32424"}],"wp:attachment":[{"href":"https:\/\/goiasemtempo.com.br\/home\/wp-json\/wp\/v2\/media?parent=33032"}],"wp:term":[{"taxonomy":"category","embeddable":true,"href":"https:\/\/goiasemtempo.com.br\/home\/wp-json\/wp\/v2\/categories?post=33032"},{"taxonomy":"post_tag","embeddable":true,"href":"https:\/\/goiasemtempo.com.br\/home\/wp-json\/wp\/v2\/tags?post=33032"}],"curies":[{"name":"wp","href":"https:\/\/api.w.org\/{rel}","templated":true}]}}