{"id":33004,"date":"2018-03-31T06:42:29","date_gmt":"2018-03-31T06:42:29","guid":{"rendered":"https:\/\/goiasemtempo.com.br\/home\/?p=33004"},"modified":"2018-03-31T06:42:29","modified_gmt":"2018-03-31T06:42:29","slug":"christopher-wylie-o-canadense-que-abalou-o-facebook","status":"publish","type":"post","link":"https:\/\/goiasemtempo.com.br\/home\/christopher-wylie-o-canadense-que-abalou-o-facebook\/","title":{"rendered":"Christopher Wylie, o canadense que abalou o Facebook"},"content":{"rendered":"<p>Christopher Wylie, o canadense de 28 anos que abalou os alicerces do Facebook, contribuiu para a cria\u00e7\u00e3o da empresa de an\u00e1lise de dados Cambridge Analytica (CA), mas, arrependido, resolveu denunciar sua m\u00e1 conduta.<\/p>\n<p>O jovem \u00e9 inteligente, divertido e voraz intelectualmente, afirmou Carole Cadwalladr, jornalista do Guardian que colaborou com ele por um ano.<\/p>\n<p>Com elementos que ele lhe forneceu, ela revelou que a CA coletava os perfis do Facebook de milh\u00f5es de usu\u00e1rios nos Estados Unidos e usava suas informa\u00e7\u00f5es para elaborar perfis pol\u00edticos e psicol\u00f3gicos a fim de envi\u00e1-los mensagens pol\u00edticas para influenciar seu voto, um furo compartilhado pelo New York Times e Channel Four.<\/p>\n<p>Wylie abandonou a escola aos 16 anos sem diploma, mas no ano seguinte come\u00e7ou a trabalhar para o chefe da oposi\u00e7\u00e3o canadense.<\/p>\n<p>Com os cabelos pintados de rosa, \u00f3culos escuros com grandes arma\u00e7\u00f5es quadradas e um piercing no nariz \u00e9, ao mesmo tempo, um genial contador de hist\u00f3rias, um pol\u00edtico e muito aplicado na inform\u00e1tica que aprendeu a codificar sozinho, escreveu Carole Cadwalladr.<\/p>\n<p>Wylie se descreve como o canadense homossexual e vegetariano que criou o utens\u00edlio da guerra psicol\u00f3gica de Steve Bannon, ex-conselheiro de Donald Trump que, segundo ele, estava envolvido na CA.<\/p>\n<p>Ap\u00f3s sua sa\u00edda precoce da escola, chegou a Londres para retomar seus estudos, primeiro em Direito na London School of Economics, depois em Moda, antes de ser contratado em junho de 2013 como diretor de investiga\u00e7\u00e3o para a sociedade Strategic Communication Laboratories (SCL), matriz da CA, que contribuiu para criar.<\/p>\n<p>Sim, ajudei a criar essa empresa, disse em uma entrevista a v\u00e1rios jornais europeus. O que aconteceu \u00e9 que fui pego pela minha pr\u00f3pria curiosidade devido ao trabalho que fazia. N\u00e3o \u00e9 uma desculpa, mas me vi fazendo o trabalho de investiga\u00e7\u00e3o que desejava fazer e com um or\u00e7amento de v\u00e1rios milh\u00f5es, o que era uma verdadeira tenta\u00e7\u00e3o, segundo declara\u00e7\u00f5es publicadas nesta ter\u00e7a-feira no jornal franc\u00eas Lib\u00e9ration.<\/p>\n<p>No in\u00edcio gostava das viagens pelo mundo, dos encontros com ministros de todo o tipo de pa\u00edses e do trabalho investigativo.<\/p>\n<p>&#8211; Pr\u00f3-Brexit &#8211;<\/p>\n<p>O canadense disse que descobriu h\u00e1 algumas semanas que seu antecessor havia morrido em um hotel queniano em circunst\u00e2ncias n\u00e3o esclarecidas. As pessoas suspeitavam de um envenenamento, declarou nesta ter\u00e7a aos membros de uma comiss\u00e3o parlamentar brit\u00e2nica que investiga as fake news.<\/p>\n<p>Para falar aos deputados, trocou suas habituais camisetas chamativas por um s\u00f3brio terno e uma gravata, e explicou durante v\u00e1rias horas suas acusa\u00e7\u00f5es contra a CA, de onde saiu em 2014.<\/p>\n<p>Contou que decidiu falar sobre o tema pouco depois da chegada de Donald Trump ao poder, comprovando, segundo ele, o impacto que podia ter o desvio de dados pessoais com fins pol\u00edticos. E se mostrou incrivelmente arrependido pelo papel que desempenhou na CA.<\/p>\n<p>Christopher Wylie tamb\u00e9m animou os deputados a investigar a Aggregate IQ (AIQ), empresa canadense que ele relaciona com o grupo SCL. Se mostrou absolutamente seguro de que a AIQ usou as bases de dados da CA na campanha de referendo sobre o Brexit em benef\u00edcio de organiza\u00e7\u00f5es que faziam campanha a favor da sa\u00edda do Reino Unido da Uni\u00e3o Europeia.<\/p>\n<p>Ao afirmar que foi partid\u00e1rio do Brexit apesar dos meus cabelos cor-de-rosa e do meu piercing no nariz e que sou uma das poucas esp\u00e9cimes euroc\u00e9ticas progressistas, se mostrou apegado que a integridade do processo democr\u00e1tico seja respeita.<\/p>\n<p>A empresa CA negou vigorosamente as acusa\u00e7\u00f5es feitas.<\/p>\n<p>Em um comunicado, a companhia afirma que Christopher Wylie era somente um funcion\u00e1rio de meio per\u00edodo que deixou suas fun\u00e7\u00f5es em julho de 2014 e n\u00e3o tem nenhum conhecimento direto de nosso trabalho, ou de nossas pr\u00e1ticas desde essa data.<\/p>\n<p>Christopher Wylie disse aos deputados que a CA n\u00e3o \u00e9 uma empresa leg\u00edtima. N\u00e3o acho que devam continuar fazendo neg\u00f3cios, acrescentou.<\/p>\n","protected":false},"excerpt":{"rendered":"<p>Christopher Wylie, o canadense de 28 anos que abalou os alicerces do Facebook, contribuiu para a cria\u00e7\u00e3o da empresa de an\u00e1lise de dados Cambridge Analytica (CA), mas, arrependido, resolveu denunciar sua m\u00e1 conduta. O jovem \u00e9 inteligente, divertido e voraz intelectualmente, afirmou Carole Cadwalladr, jornalista do Guardian que colaborou com ele por um ano. Com &hellip;<\/p>\n","protected":false},"author":2,"featured_media":32410,"comment_status":"open","ping_status":"open","sticky":false,"template":"","format":"standard","meta":{"footnotes":""},"categories":[4],"tags":[],"class_list":["post-33004","post","type-post","status-publish","format-standard","has-post-thumbnail","hentry","category-ultimas-noticias"],"_links":{"self":[{"href":"https:\/\/goiasemtempo.com.br\/home\/wp-json\/wp\/v2\/posts\/33004","targetHints":{"allow":["GET"]}}],"collection":[{"href":"https:\/\/goiasemtempo.com.br\/home\/wp-json\/wp\/v2\/posts"}],"about":[{"href":"https:\/\/goiasemtempo.com.br\/home\/wp-json\/wp\/v2\/types\/post"}],"author":[{"embeddable":true,"href":"https:\/\/goiasemtempo.com.br\/home\/wp-json\/wp\/v2\/users\/2"}],"replies":[{"embeddable":true,"href":"https:\/\/goiasemtempo.com.br\/home\/wp-json\/wp\/v2\/comments?post=33004"}],"version-history":[{"count":1,"href":"https:\/\/goiasemtempo.com.br\/home\/wp-json\/wp\/v2\/posts\/33004\/revisions"}],"predecessor-version":[{"id":33005,"href":"https:\/\/goiasemtempo.com.br\/home\/wp-json\/wp\/v2\/posts\/33004\/revisions\/33005"}],"wp:featuredmedia":[{"embeddable":true,"href":"https:\/\/goiasemtempo.com.br\/home\/wp-json\/wp\/v2\/media\/32410"}],"wp:attachment":[{"href":"https:\/\/goiasemtempo.com.br\/home\/wp-json\/wp\/v2\/media?parent=33004"}],"wp:term":[{"taxonomy":"category","embeddable":true,"href":"https:\/\/goiasemtempo.com.br\/home\/wp-json\/wp\/v2\/categories?post=33004"},{"taxonomy":"post_tag","embeddable":true,"href":"https:\/\/goiasemtempo.com.br\/home\/wp-json\/wp\/v2\/tags?post=33004"}],"curies":[{"name":"wp","href":"https:\/\/api.w.org\/{rel}","templated":true}]}}