{"id":32974,"date":"2018-03-31T06:30:28","date_gmt":"2018-03-31T06:30:28","guid":{"rendered":"https:\/\/goiasemtempo.com.br\/home\/?p=32974"},"modified":"2018-03-31T06:30:28","modified_gmt":"2018-03-31T06:30:28","slug":"sistema-unico-de-seguranca-e-aumento-de-penas-para-pirataria-estao-na-pauta-do-plenario","status":"publish","type":"post","link":"https:\/\/goiasemtempo.com.br\/home\/sistema-unico-de-seguranca-e-aumento-de-penas-para-pirataria-estao-na-pauta-do-plenario\/","title":{"rendered":"Sistema \u00danico de Seguran\u00e7a e aumento de penas para pirataria est\u00e3o na pauta do Plen\u00e1rio"},"content":{"rendered":"<p>O Plen\u00e1rio da C\u00e2mara dos Deputados pode votar hoje o Projeto de Lei 3734\/12, que cria o Sistema \u00danico de Seguran\u00e7a P\u00fablica (Susp). A proposta j\u00e1 est\u00e1 em regime de urg\u00eancia, aprovado no \u00faltimo dia 14.<\/p>\n<p>A aprova\u00e7\u00e3o da urg\u00eancia n\u00e3o \u00e9 consenso. Enquanto alguns deputados elogiam a tramita\u00e7\u00e3o acelerada da proposta, a bancada do PT pede mais discuss\u00e3o do tema.<\/p>\n<p>De autoria do Executivo, a proposta estabelece os princ\u00edpios e as diretrizes dos \u00f3rg\u00e3os de seguran\u00e7a e prev\u00ea a prote\u00e7\u00e3o aos direitos humanos e fundamentais; a promo\u00e7\u00e3o da cidadania e da dignidade do cidad\u00e3o; a resolu\u00e7\u00e3o pac\u00edfica de conflitos; o uso proporcional da for\u00e7a; a efici\u00eancia na preven\u00e7\u00e3o e repress\u00e3o das infra\u00e7\u00f5es penais; a efici\u00eancia nas a\u00e7\u00f5es de preven\u00e7\u00e3o e redu\u00e7\u00e3o de desastres; e a participa\u00e7\u00e3o comunit\u00e1ria.<\/p>\n<p>Pirataria<br \/>\nTamb\u00e9m continua na pauta do Plen\u00e1rio o projeto de lei que aumenta as penas para crimes relacionados \u00e0 pirataria (PL 333\/99). Os deputados precisam analisar o substitutivo do Senado ao texto aprovado pela C\u00e2mara em 2000, alterando diversos dispositivos da Lei 9.279\/96, que trata dos direitos de propriedade industrial.<\/p>\n<p>O texto do Senado aumenta a pena de 1 a 3 meses de deten\u00e7\u00e3o para 2 a 4 anos de reclus\u00e3o em crimes como os cometidos contra patente de inven\u00e7\u00e3o ou de modelo; contra o registro de marca; o de fabrica\u00e7\u00e3o, sem autoriza\u00e7\u00e3o do titular, de produto que incorpore desenho industrial registrado; e a reprodu\u00e7\u00e3o ou imita\u00e7\u00e3o de armas, bras\u00f5es ou distintivos oficiais nacionais, estrangeiros ou internacionais para fins econ\u00f4micos.<\/p>\n","protected":false},"excerpt":{"rendered":"<p>O Plen\u00e1rio da C\u00e2mara dos Deputados pode votar hoje o Projeto de Lei 3734\/12, que cria o Sistema \u00danico de Seguran\u00e7a P\u00fablica (Susp). A proposta j\u00e1 est\u00e1 em regime de urg\u00eancia, aprovado no \u00faltimo dia 14. A aprova\u00e7\u00e3o da urg\u00eancia n\u00e3o \u00e9 consenso. Enquanto alguns deputados elogiam a tramita\u00e7\u00e3o acelerada da proposta, a bancada do &hellip;<\/p>\n","protected":false},"author":2,"featured_media":32395,"comment_status":"open","ping_status":"open","sticky":false,"template":"","format":"standard","meta":{"footnotes":""},"categories":[4],"tags":[],"class_list":["post-32974","post","type-post","status-publish","format-standard","has-post-thumbnail","hentry","category-ultimas-noticias"],"_links":{"self":[{"href":"https:\/\/goiasemtempo.com.br\/home\/wp-json\/wp\/v2\/posts\/32974","targetHints":{"allow":["GET"]}}],"collection":[{"href":"https:\/\/goiasemtempo.com.br\/home\/wp-json\/wp\/v2\/posts"}],"about":[{"href":"https:\/\/goiasemtempo.com.br\/home\/wp-json\/wp\/v2\/types\/post"}],"author":[{"embeddable":true,"href":"https:\/\/goiasemtempo.com.br\/home\/wp-json\/wp\/v2\/users\/2"}],"replies":[{"embeddable":true,"href":"https:\/\/goiasemtempo.com.br\/home\/wp-json\/wp\/v2\/comments?post=32974"}],"version-history":[{"count":1,"href":"https:\/\/goiasemtempo.com.br\/home\/wp-json\/wp\/v2\/posts\/32974\/revisions"}],"predecessor-version":[{"id":32975,"href":"https:\/\/goiasemtempo.com.br\/home\/wp-json\/wp\/v2\/posts\/32974\/revisions\/32975"}],"wp:featuredmedia":[{"embeddable":true,"href":"https:\/\/goiasemtempo.com.br\/home\/wp-json\/wp\/v2\/media\/32395"}],"wp:attachment":[{"href":"https:\/\/goiasemtempo.com.br\/home\/wp-json\/wp\/v2\/media?parent=32974"}],"wp:term":[{"taxonomy":"category","embeddable":true,"href":"https:\/\/goiasemtempo.com.br\/home\/wp-json\/wp\/v2\/categories?post=32974"},{"taxonomy":"post_tag","embeddable":true,"href":"https:\/\/goiasemtempo.com.br\/home\/wp-json\/wp\/v2\/tags?post=32974"}],"curies":[{"name":"wp","href":"https:\/\/api.w.org\/{rel}","templated":true}]}}