{"id":32886,"date":"2018-03-31T05:55:11","date_gmt":"2018-03-31T05:55:11","guid":{"rendered":"https:\/\/goiasemtempo.com.br\/home\/?p=32886"},"modified":"2018-03-31T05:55:11","modified_gmt":"2018-03-31T05:55:11","slug":"brasil-vence-alemanha-em-amistoso-no-estadio-olimpico-de-berlim","status":"publish","type":"post","link":"https:\/\/goiasemtempo.com.br\/home\/brasil-vence-alemanha-em-amistoso-no-estadio-olimpico-de-berlim\/","title":{"rendered":"Brasil vence Alemanha em amistoso no Est\u00e1dio Ol\u00edmpico de Berlim"},"content":{"rendered":"<p>Quase quatro anos ap\u00f3s a maior derrota da hist\u00f3ria do futebol brasileiro, quando a sele\u00e7\u00e3o brasileira perdeu por 7 a 1 na Copa de 2014, o time canarinho voltou a estar diante da Alemanha, em jogo amistoso nesta ter\u00e7a-feira (27), desta vez com uma vit\u00f3ria. Com um gol de Gabriel Jesus aos 37 minutos do 1\u00ba tempo, diante de 72 mil torcedores no Est\u00e1dio Ol\u00edmpico de Berlim, o Brasil confirmou o \u00f3timo momento da equipe na prepara\u00e7\u00e3o para a Copa da R\u00fassia, que come\u00e7a daqui a pouco mais de dois meses.<\/p>\n<p>Seguro, o time comandado por Tite come\u00e7ou o jogo um pouco temeroso, mas com 10 minutos de partida equilibrou o confronto, se mantendo firme na marca\u00e7\u00e3o e dando poucas chances de ataque aos alem\u00e3es. Com o jogo controlado em campo, a sele\u00e7\u00e3o teve as melhores chances e, no final do 1\u00ba tempo, o craque Gabriel Jesus, sozinho na \u00e1rea, recebeu um cruzamento de Willian pela esquerda e cabeceou no meio do gol. O goleiro Trapp chegou a espalmar a bola, mas ela cruzou a linha de fundo e abriu o placar. <\/p>\n<p>No segundo tempo, o Brasil intensificou a marca\u00e7\u00e3o e passou a roubar bola dos alem\u00e3es no pr\u00f3prio campo de ataque. Pelo menos duas grandes chances de gol foram perdidas: aos 9 minutos, em bola batida por Willian e recuperada por Paulinho no rebote, para grande defesa de Trapp. Aos 22, em sobra de bola ap\u00f3s falhas do goleiro alem\u00e3o e do zagueiro Boateng, Gabriel Jesus finalizou de cabe\u00e7a novamente, com o gol vazio, mas a bola foi para fora. Da\u00ed em diante, a partida perdeu um pouco de ritmo e o Brasil manteve a posse de bola para garantir o placar favor\u00e1vel. <\/p>\n<p>Foi mais um jogo de ra\u00e7a, com gol de ra\u00e7a. A gente sofreu no momento que tivemos que sofrer e jogamos com a bola no p\u00e9, afirmou Gabriel Jesus \u00e0 TV Globo, ao final da partida. Para o craque, de apenas 20 anos, o resultado mostra a consist\u00eancia da equipe. A gente vem fazendo um excelente trabalho, treinando e jogando bem. O resultado \u00e9 consequ\u00eancia do que a gente tem feito, acrescentou.<\/p>\n<p>Nenhuma das equipes estava com for\u00e7a m\u00e1xima. Do lado brasileiro, o principal desfalque foi Neymar, que se recupera de uma cirurgia no p\u00e9 direito. Do lado alem\u00e3o, o n\u00famero de desfalques do t\u00e9cnico Joachim Low foi maior, com destaque para as aus\u00eancias de estrelas como Ozil e Mueller, al\u00e9m do goleiro titular, Neuer.<br \/>\nO mascote da sele\u00e7\u00e3o canarinho desfilou em Berlim arrancando aplausos dos torcedores<\/p>\n<p>O mascote da sele\u00e7\u00e3o canarinho desfilou em Berlim arrancando aplausos dos torcedoresREUTERS\/Wolfgang Rattay \/Direitos Reservados<\/p>\n<p>At\u00e9 a Copa<\/p>\n<p>A sele\u00e7\u00e3o brasileira volta a se reunir no dia 21 de maio, j\u00e1 de forma definitiva, rumo \u00e0 Copa do Mundo da R\u00fassia. Os jogadores se apresentar\u00e3o no Centro de Treinamento da Confedera\u00e7\u00e3o Brasileira de Futebol (CBF), em Terez\u00f3polis (RJ), onde permanecem at\u00e9 o dia 27 do mesmo m\u00eas, passando por exames m\u00e9dicos e treinamentos. De l\u00e1, o time segue no dia 28 para Londres, na Inglaterra, onde fica em prepara\u00e7\u00e3o at\u00e9 o dia 8 de junho. Ainda na capital inglesa, o Brasil enfrenta, em jogo preparat\u00f3rio, o time da Cro\u00e1cia, no dia 3. No dia 9, jogadores e equipe t\u00e9cnica embarcam para Viena, na \u00c1ustria, ondem jogam com a sele\u00e7\u00e3o do pa\u00eds no dia 10 de junho, no que ser\u00e1 o \u00faltimo amistoso antes do Mundial.<\/p>\n<p>A chegada na R\u00fassia est\u00e1 prevista para o dia 11 de junho, na cidade de S\u00f3chi, que ser\u00e1 a base da sele\u00e7\u00e3o no pa\u00eds. O Brasil est\u00e1 no grupo E da Copa, composto tamb\u00e9m por Costa Rica, Su\u00ed\u00e7a e S\u00e9rvia. A estreia na Copa  ser\u00e1 no dia 17 de junho, \u00e0s 15h, contra os su\u00ed\u00e7os, na arena de Samara.<\/p>\n<p>Jogadores<\/p>\n<p>A convoca\u00e7\u00e3o do time brasileiro que vai a Copa deve ocorrer no dia 16 de maio. De acordo com o t\u00e9cnico Tite, ainda restam sete vagas entre os 23 jogadores que compor\u00e3o a equipe. A lista dos 16 j\u00e1 confirmados foi antecipada pelo treinador em fevereiro. Est\u00e3o garantido no Mundial os 11 titulares habituais (Alisson, Daniel Alves, Marquinhos, Miranda, Marcelo, Casemiro, Paulinho, Renato Augusto, Coutinho, Neymar e Gabriel Jesus), al\u00e9m de quatro reservas (Ederson, Thiago Silva, Fernandinho e Willian).<\/p>\n<p>Edi\u00e7\u00e3o: Augusto Queiroz<\/p>\n","protected":false},"excerpt":{"rendered":"<p>Quase quatro anos ap\u00f3s a maior derrota da hist\u00f3ria do futebol brasileiro, quando a sele\u00e7\u00e3o brasileira perdeu por 7 a 1 na Copa de 2014, o time canarinho voltou a estar diante da Alemanha, em jogo amistoso nesta ter\u00e7a-feira (27), desta vez com uma vit\u00f3ria. Com um gol de Gabriel Jesus aos 37 minutos do &hellip;<\/p>\n","protected":false},"author":2,"featured_media":32351,"comment_status":"open","ping_status":"open","sticky":false,"template":"","format":"standard","meta":{"_exactmetrics_skip_tracking":false,"_exactmetrics_sitenote_active":false,"_exactmetrics_sitenote_note":"","_exactmetrics_sitenote_category":0,"footnotes":""},"categories":[4],"tags":[],"_links":{"self":[{"href":"https:\/\/goiasemtempo.com.br\/home\/wp-json\/wp\/v2\/posts\/32886"}],"collection":[{"href":"https:\/\/goiasemtempo.com.br\/home\/wp-json\/wp\/v2\/posts"}],"about":[{"href":"https:\/\/goiasemtempo.com.br\/home\/wp-json\/wp\/v2\/types\/post"}],"author":[{"embeddable":true,"href":"https:\/\/goiasemtempo.com.br\/home\/wp-json\/wp\/v2\/users\/2"}],"replies":[{"embeddable":true,"href":"https:\/\/goiasemtempo.com.br\/home\/wp-json\/wp\/v2\/comments?post=32886"}],"version-history":[{"count":1,"href":"https:\/\/goiasemtempo.com.br\/home\/wp-json\/wp\/v2\/posts\/32886\/revisions"}],"predecessor-version":[{"id":32887,"href":"https:\/\/goiasemtempo.com.br\/home\/wp-json\/wp\/v2\/posts\/32886\/revisions\/32887"}],"wp:featuredmedia":[{"embeddable":true,"href":"https:\/\/goiasemtempo.com.br\/home\/wp-json\/wp\/v2\/media\/32351"}],"wp:attachment":[{"href":"https:\/\/goiasemtempo.com.br\/home\/wp-json\/wp\/v2\/media?parent=32886"}],"wp:term":[{"taxonomy":"category","embeddable":true,"href":"https:\/\/goiasemtempo.com.br\/home\/wp-json\/wp\/v2\/categories?post=32886"},{"taxonomy":"post_tag","embeddable":true,"href":"https:\/\/goiasemtempo.com.br\/home\/wp-json\/wp\/v2\/tags?post=32886"}],"curies":[{"name":"wp","href":"https:\/\/api.w.org\/{rel}","templated":true}]}}