{"id":3286,"date":"2017-12-24T10:57:20","date_gmt":"2017-12-24T10:57:20","guid":{"rendered":"http:\/\/goiasemtempo.com.br\/home\/?p=3286"},"modified":"2017-12-24T10:57:20","modified_gmt":"2017-12-24T10:57:20","slug":"brasileiros-feridos-em-terremoto-no-mexico-recebem-alta-de-hospital","status":"publish","type":"post","link":"https:\/\/goiasemtempo.com.br\/home\/brasileiros-feridos-em-terremoto-no-mexico-recebem-alta-de-hospital\/","title":{"rendered":"Brasileiros feridos em terremoto no M\u00e9xico recebem alta de hospital"},"content":{"rendered":"<p>O terremoto ocorrido na ter\u00e7a-feira (19), no M\u00e9xico, deixou dois brasileiros feridos. O Minist\u00e9rio das Rela\u00e7\u00f5es Exteriores (MRE) informou, em nota, que os dois tiveram \u201ctodo o apoio poss\u00edvel\u201d do consulado brasileiro no pa\u00eds. Os dois brasileiros foram atendidos e liberados do hospital.<\/p>\n<p>\u201cO Itamaraty confirma que dois brasileiros ficaram feridos por conta do \u00faltimo terremoto no M\u00e9xico. O Consulado-Geral do Brasil no M\u00e9xico est\u00e1 em contato com ambos, prestando-lhes todo o apoio poss\u00edvel. Ambos foram atendidos em hospital e liberados\u201d, disse o MRE na nota.<\/p>\n<p>Na tarde de ter\u00e7a-feira, um terremoto de magnitude 7,1 graus na escala Richter sacudiu a regi\u00e3o central do M\u00e9xico, com epicentro nos arredores da cidade de Axochiapan, no estado de Morelos. O n\u00famero de mortos j\u00e1 chega a 225, segundo o \u00faltimo balan\u00e7o do coordenador nacional de Prote\u00e7\u00e3o Civil, Luis Felipe Puente.<\/p>\n<p>Os dados ainda s\u00e3o preliminares, pois em muitos edif\u00edcios derrubados continuam as tarefas de resgate e a quantidade de desaparecidos ainda \u00e9 incerta. O tremor de ter\u00e7a-feira ocorreu exatamente 32 anos depois do poderoso tremor de 19 de setembro de 1985, de 8,1 graus, que deixou milhares de mortos na capital mexicana.<\/p>\n","protected":false},"excerpt":{"rendered":"<p>O terremoto ocorrido na ter\u00e7a-feira (19), no M\u00e9xico, deixou dois brasileiros feridos. O Minist\u00e9rio das Rela\u00e7\u00f5es Exteriores (MRE) informou, em nota, que os dois tiveram \u201ctodo o apoio poss\u00edvel\u201d do consulado brasileiro no pa\u00eds. Os dois brasileiros foram atendidos e liberados do hospital. \u201cO Itamaraty confirma que dois brasileiros ficaram feridos por conta do \u00faltimo &hellip;<\/p>\n","protected":false},"author":2,"featured_media":1029,"comment_status":"open","ping_status":"open","sticky":false,"template":"","format":"standard","meta":{"_exactmetrics_skip_tracking":false,"_exactmetrics_sitenote_active":false,"_exactmetrics_sitenote_note":"","_exactmetrics_sitenote_category":0,"footnotes":""},"categories":[4],"tags":[],"_links":{"self":[{"href":"https:\/\/goiasemtempo.com.br\/home\/wp-json\/wp\/v2\/posts\/3286"}],"collection":[{"href":"https:\/\/goiasemtempo.com.br\/home\/wp-json\/wp\/v2\/posts"}],"about":[{"href":"https:\/\/goiasemtempo.com.br\/home\/wp-json\/wp\/v2\/types\/post"}],"author":[{"embeddable":true,"href":"https:\/\/goiasemtempo.com.br\/home\/wp-json\/wp\/v2\/users\/2"}],"replies":[{"embeddable":true,"href":"https:\/\/goiasemtempo.com.br\/home\/wp-json\/wp\/v2\/comments?post=3286"}],"version-history":[{"count":1,"href":"https:\/\/goiasemtempo.com.br\/home\/wp-json\/wp\/v2\/posts\/3286\/revisions"}],"predecessor-version":[{"id":3287,"href":"https:\/\/goiasemtempo.com.br\/home\/wp-json\/wp\/v2\/posts\/3286\/revisions\/3287"}],"wp:featuredmedia":[{"embeddable":true,"href":"https:\/\/goiasemtempo.com.br\/home\/wp-json\/wp\/v2\/media\/1029"}],"wp:attachment":[{"href":"https:\/\/goiasemtempo.com.br\/home\/wp-json\/wp\/v2\/media?parent=3286"}],"wp:term":[{"taxonomy":"category","embeddable":true,"href":"https:\/\/goiasemtempo.com.br\/home\/wp-json\/wp\/v2\/categories?post=3286"},{"taxonomy":"post_tag","embeddable":true,"href":"https:\/\/goiasemtempo.com.br\/home\/wp-json\/wp\/v2\/tags?post=3286"}],"curies":[{"name":"wp","href":"https:\/\/api.w.org\/{rel}","templated":true}]}}