{"id":32814,"date":"2018-03-31T05:26:22","date_gmt":"2018-03-31T05:26:22","guid":{"rendered":"https:\/\/goiasemtempo.com.br\/home\/?p=32814"},"modified":"2018-03-31T05:26:22","modified_gmt":"2018-03-31T05:26:22","slug":"faixa-etaria-para-transplante-de-medula-em-casos-de-doenca-falciforme-e-ampliada","status":"publish","type":"post","link":"https:\/\/goiasemtempo.com.br\/home\/faixa-etaria-para-transplante-de-medula-em-casos-de-doenca-falciforme-e-ampliada\/","title":{"rendered":"Faixa et\u00e1ria para transplante de medula em casos de doen\u00e7a falciforme \u00e9 ampliada"},"content":{"rendered":"<p>Pessoas com mais de 16 anos diagnosticadas com doen\u00e7a falciforme podem, a partir de agora, ser submetidas a um transplante aparentado de medula (quando as c\u00e9lulas prov\u00eam de um doador da fam\u00edlia). At\u00e9 ent\u00e3o, apenas pacientes com at\u00e9 16 anos podiam se candidatar para o procedimento. A decis\u00e3o de ampliar a faixa et\u00e1ria foi anunciada hoje (26) pelo Minist\u00e9rio da Sa\u00fade.<\/p>\n<p>\u201cAgora, a idade n\u00e3o \u00e9 mais crit\u00e9rio de restri\u00e7\u00e3o para esse transplante, \u00fanico m\u00e9todo de curar a doen\u00e7a no SUS [Sistema \u00danico de Sa\u00fade]\u201d, informou a pasta por meio de nota. De acordo com o comunicado, a amplia\u00e7\u00e3o da faixa et\u00e1ria foi feita com base em evid\u00eancias cient\u00edficas, ap\u00f3s reivindica\u00e7\u00e3o de especialistas e da sociedade civil.<\/p>\n<p>A doen\u00e7a<\/p>\n<p>A doen\u00e7a falciforme \u00e9 gen\u00e9tica e heredit\u00e1ria. A causa \u00e9 uma muta\u00e7\u00e3o no gene que produz a hemoglobina A, originando uma outra mutante, denominada hemoglobina S. Apesar das particularidades que distinguem as doen\u00e7as falciformes e de seus variados graus de gravidade, todas t\u00eam manifesta\u00e7\u00f5es cl\u00ednicas e hematol\u00f3gicas semelhantes e s\u00e3o tratadas da mesma forma.<\/p>\n<p>As pessoas com esse tipo de enfermidade apresentam anemia cr\u00f4nica e epis\u00f3dios frequentes de dor severa. Os pacientes tamb\u00e9m apresentam vulnerabilidade a infec\u00e7\u00f5es, ac\u00famulo de sangue no ba\u00e7o, s\u00edndrome tor\u00e1cica aguda e outros tipos de intercorr\u00eancia.<\/p>\n<p>Teste do Pezinho<\/p>\n<p>A pasta refor\u00e7ou que a realiza\u00e7\u00e3o do teste do pezinho \u00e9 considerada fundamental para a identifica\u00e7\u00e3o precoce e o acompanhamento dos casos, bem como para o planejamento e a organiza\u00e7\u00e3o da rede de aten\u00e7\u00e3o integral. O exame deve ser realizado nos postos p\u00fablicos de sa\u00fade na primeira semana de vida do beb\u00ea.<\/p>\n<p>Dados do minist\u00e9rio apontam que, em 2015, foram diagnosticados 1.145 novos casos de doen\u00e7a falciforme, por meio do Programa de Triagem Neonatal do SUS.<\/p>\n<p>Edi\u00e7\u00e3o: Lidia Neves<\/p>\n","protected":false},"excerpt":{"rendered":"<p>Pessoas com mais de 16 anos diagnosticadas com doen\u00e7a falciforme podem, a partir de agora, ser submetidas a um transplante aparentado de medula (quando as c\u00e9lulas prov\u00eam de um doador da fam\u00edlia). At\u00e9 ent\u00e3o, apenas pacientes com at\u00e9 16 anos podiam se candidatar para o procedimento. A decis\u00e3o de ampliar a faixa et\u00e1ria foi anunciada &hellip;<\/p>\n","protected":false},"author":2,"featured_media":32315,"comment_status":"open","ping_status":"open","sticky":false,"template":"","format":"standard","meta":{"footnotes":""},"categories":[4],"tags":[],"class_list":["post-32814","post","type-post","status-publish","format-standard","has-post-thumbnail","hentry","category-ultimas-noticias"],"_links":{"self":[{"href":"https:\/\/goiasemtempo.com.br\/home\/wp-json\/wp\/v2\/posts\/32814","targetHints":{"allow":["GET"]}}],"collection":[{"href":"https:\/\/goiasemtempo.com.br\/home\/wp-json\/wp\/v2\/posts"}],"about":[{"href":"https:\/\/goiasemtempo.com.br\/home\/wp-json\/wp\/v2\/types\/post"}],"author":[{"embeddable":true,"href":"https:\/\/goiasemtempo.com.br\/home\/wp-json\/wp\/v2\/users\/2"}],"replies":[{"embeddable":true,"href":"https:\/\/goiasemtempo.com.br\/home\/wp-json\/wp\/v2\/comments?post=32814"}],"version-history":[{"count":1,"href":"https:\/\/goiasemtempo.com.br\/home\/wp-json\/wp\/v2\/posts\/32814\/revisions"}],"predecessor-version":[{"id":32815,"href":"https:\/\/goiasemtempo.com.br\/home\/wp-json\/wp\/v2\/posts\/32814\/revisions\/32815"}],"wp:featuredmedia":[{"embeddable":true,"href":"https:\/\/goiasemtempo.com.br\/home\/wp-json\/wp\/v2\/media\/32315"}],"wp:attachment":[{"href":"https:\/\/goiasemtempo.com.br\/home\/wp-json\/wp\/v2\/media?parent=32814"}],"wp:term":[{"taxonomy":"category","embeddable":true,"href":"https:\/\/goiasemtempo.com.br\/home\/wp-json\/wp\/v2\/categories?post=32814"},{"taxonomy":"post_tag","embeddable":true,"href":"https:\/\/goiasemtempo.com.br\/home\/wp-json\/wp\/v2\/tags?post=32814"}],"curies":[{"name":"wp","href":"https:\/\/api.w.org\/{rel}","templated":true}]}}