{"id":32810,"date":"2018-03-31T05:24:46","date_gmt":"2018-03-31T05:24:46","guid":{"rendered":"https:\/\/goiasemtempo.com.br\/home\/?p=32810"},"modified":"2018-03-31T05:24:46","modified_gmt":"2018-03-31T05:24:46","slug":"ordem-de-ataque-a-predio-em-sobral-pode-ter-saido-de-dentro-de-presidio","status":"publish","type":"post","link":"https:\/\/goiasemtempo.com.br\/home\/ordem-de-ataque-a-predio-em-sobral-pode-ter-saido-de-dentro-de-presidio\/","title":{"rendered":"Ordem de ataque a pr\u00e9dio em Sobral pode ter sa\u00eddo de dentro de pres\u00eddio"},"content":{"rendered":"<p>A ordem para que criminosos atacassem o pr\u00e9dio da Coordenadoria Integrada de Opera\u00e7\u00f5es de Seguran\u00e7a (Ciops) de Sobral (CE), na madrugada do \u00faltimo domingo (25), partiu de um telefone celular cujo n\u00famero est\u00e1 cadastrado em nome de um detento da Penitenci\u00e1ria Industrial Regional da mesma cidade, localizada a cerca de 230 quil\u00f4metros da capital cearense, Fortaleza. A informa\u00e7\u00e3o \u00e9 da secretaria estadual da Seguran\u00e7a P\u00fablica e Defesa Social.<\/p>\n<p>Segundo a pasta, ap\u00f3s identificarem o n\u00famero do telefone usado por pessoas que ligaram amea\u00e7ando atear fogo na sede do Ciops, em Sobral, policiais civis e militares chegaram ao nome de Jos\u00e9 F\u00e1bio Alves da Silva Maciel, que j\u00e1 cumpre pena por tr\u00e1fico e furto.<\/p>\n<p>Ao vistoriar a cela do preso, domingo (25), agentes informaram ter encontrado drogas e telefones celulares, incluindo o aparelho usado para ordenar o ataque. Outros seis suspeitos de participar das a\u00e7\u00f5es criminosas foram detidos entre s\u00e1bado (24) e domingo. De acordo com a PM, cinco deles foram detidos portando gal\u00f5es ou garrafas de gasolina. O sexto carregava uma pistola calibre 380, com 13 muni\u00e7\u00f5es, e \u00e9 suspeito de participar dos disparos efetuados contra a sede da Empresa de Transportes Urbanos de Fortaleza (Etufor), em Fortaleza.<\/p>\n<p>Em nota, a Secretaria estadual de Seguran\u00e7a detalhou as medidas de seguran\u00e7a implementadas desde o \u00faltimo s\u00e1bado. Com o apoio da Guarda Municipal, o policiamento foi refor\u00e7ado nas principais vias de circula\u00e7\u00e3o de \u00f4nibus da capital. Viaturas policiais, incluindo motocicletas, foram distribu\u00eddas por pontos estrat\u00e9gicos indicados pela Empresa de Transporte Urbano de Fortaleza (Etufor) e pelo Sindicato das Empresas de Transporte de Passageiros do Estado do Cear\u00e1 (Sindi\u00f4nibus).<\/p>\n<p>A seguran\u00e7a tamb\u00e9m foi refor\u00e7ada em terminais de \u00f4nibus e nas imedia\u00e7\u00f5es de garagens das empresas de \u00f4nibus. Duas aeronaves da Coordenadoria Integrada de Opera\u00e7\u00f5es A\u00e9reas (Ciopaer) tamb\u00e9m participam da a\u00e7\u00e3o, sobrevoando as \u00e1reas pr\u00e9-definidas pelos \u00f3rg\u00e3os respons\u00e1veis.<\/p>\n<p>De acordo com a Secretaria estadual de Seguran\u00e7a, n\u00e3o houve registro de novos ataques na madrugada de hoje (26). A investiga\u00e7\u00e3o dos ataques est\u00e1 a cargo da Delegacia de Repress\u00e3o \u00e0s A\u00e7\u00f5es Criminosas Organizadas (Draco), da Pol\u00edcia Civil. Para especialistas ouvidos pela Ag\u00eancia Brasil, as a\u00e7\u00f5es criminosas podem ser uma rea\u00e7\u00e3o \u00e0 proposta de instala\u00e7\u00e3o de bloqueadores de celulares em pres\u00eddios &#8211; projeto que tramita em regime de urg\u00eancia na C\u00e2mara dos Deputados.<\/p>\n<p>Edi\u00e7\u00e3o: Fernando Fraga<\/p>\n","protected":false},"excerpt":{"rendered":"<p>A ordem para que criminosos atacassem o pr\u00e9dio da Coordenadoria Integrada de Opera\u00e7\u00f5es de Seguran\u00e7a (Ciops) de Sobral (CE), na madrugada do \u00faltimo domingo (25), partiu de um telefone celular cujo n\u00famero est\u00e1 cadastrado em nome de um detento da Penitenci\u00e1ria Industrial Regional da mesma cidade, localizada a cerca de 230 quil\u00f4metros da capital cearense, &hellip;<\/p>\n","protected":false},"author":2,"featured_media":32313,"comment_status":"open","ping_status":"open","sticky":false,"template":"","format":"standard","meta":{"_exactmetrics_skip_tracking":false,"_exactmetrics_sitenote_active":false,"_exactmetrics_sitenote_note":"","_exactmetrics_sitenote_category":0,"footnotes":""},"categories":[4],"tags":[],"_links":{"self":[{"href":"https:\/\/goiasemtempo.com.br\/home\/wp-json\/wp\/v2\/posts\/32810"}],"collection":[{"href":"https:\/\/goiasemtempo.com.br\/home\/wp-json\/wp\/v2\/posts"}],"about":[{"href":"https:\/\/goiasemtempo.com.br\/home\/wp-json\/wp\/v2\/types\/post"}],"author":[{"embeddable":true,"href":"https:\/\/goiasemtempo.com.br\/home\/wp-json\/wp\/v2\/users\/2"}],"replies":[{"embeddable":true,"href":"https:\/\/goiasemtempo.com.br\/home\/wp-json\/wp\/v2\/comments?post=32810"}],"version-history":[{"count":1,"href":"https:\/\/goiasemtempo.com.br\/home\/wp-json\/wp\/v2\/posts\/32810\/revisions"}],"predecessor-version":[{"id":32811,"href":"https:\/\/goiasemtempo.com.br\/home\/wp-json\/wp\/v2\/posts\/32810\/revisions\/32811"}],"wp:featuredmedia":[{"embeddable":true,"href":"https:\/\/goiasemtempo.com.br\/home\/wp-json\/wp\/v2\/media\/32313"}],"wp:attachment":[{"href":"https:\/\/goiasemtempo.com.br\/home\/wp-json\/wp\/v2\/media?parent=32810"}],"wp:term":[{"taxonomy":"category","embeddable":true,"href":"https:\/\/goiasemtempo.com.br\/home\/wp-json\/wp\/v2\/categories?post=32810"},{"taxonomy":"post_tag","embeddable":true,"href":"https:\/\/goiasemtempo.com.br\/home\/wp-json\/wp\/v2\/tags?post=32810"}],"curies":[{"name":"wp","href":"https:\/\/api.w.org\/{rel}","templated":true}]}}