{"id":32666,"date":"2018-03-31T04:27:07","date_gmt":"2018-03-31T04:27:07","guid":{"rendered":"https:\/\/goiasemtempo.com.br\/home\/?p=32666"},"modified":"2018-03-31T04:27:07","modified_gmt":"2018-03-31T04:27:07","slug":"autoridades-manifestam-pesar-por-morte-do-jornalista-toninho-drummond","status":"publish","type":"post","link":"https:\/\/goiasemtempo.com.br\/home\/autoridades-manifestam-pesar-por-morte-do-jornalista-toninho-drummond\/","title":{"rendered":"Autoridades manifestam pesar por morte do jornalista Toninho Drummond"},"content":{"rendered":"<p>Morreu na sexta-feira (23) o ex-diretor da TV Globo em Bras\u00edlia, o jornalista Antonio Carlos Drummond, conhecido como Toninho Drummond, aos 82 anos, por fal\u00eancia de m\u00faltiplos \u00f3rg\u00e3os. Ele estava internado com pneumonia e infec\u00e7\u00e3o renal. O jornalista dirigiu por 25 anos a sucursal da emissora em Bras\u00edlia, at\u00e9 se aposentar, em 2012. Drummond tamb\u00e9m presidiu, durante um per\u00edodo do governo do ent\u00e3o presidente da Rep\u00fablica Jos\u00e9 Sarney, na d\u00e9cada de 1980, a Radiobr\u00e1s, empresa de comunica\u00e7\u00e3o extinta e incorporada \u00e0 Empresa Brasil de Comunica\u00e7\u00e3o (EBC).<\/p>\n<p>O corpo do jornalista ser\u00e1 velado na tarde de hoje (25), no Cemit\u00e9rio Campo da Boa Esperan\u00e7a, e ser\u00e1 cremado amanh\u00e3 (26) em Valpara\u00edso (GO).<\/p>\n<p>Autoridades se manifestaram ontem em solidariedade \u00e0 fam\u00edlia do jornalista. Na rede social Twitter, o presidente Michel Temer afirmou que Drummond foi um \u201cexpoente do jornalismo brasileiro que participou de coberturas importantes no Pa\u00eds, sempre com profissionalismo e compet\u00eancia. Meus pensamentos est\u00e3o com os amigos e os familiares\u201d.<\/p>\n<p>O presidente da C\u00e2mara, Rodrigo Maia, manifestou seus sentimentos e disse que o jornalista \u201cformou profissionais sempre tendo como princ\u00edpio a \u00e9tica e a corre\u00e7\u00e3o da informa\u00e7\u00e3o\u201d na mesma rede social.<\/p>\n<p>Os irm\u00e3os Roberto Irineu, Jo\u00e3o Roberto e Jos\u00e9 Roberto Marinho, donos da Rede Globo, soltou nota lamentando a perda e afirmou que \u201cToninho Drummond foi um dos expoentes da sua gera\u00e7\u00e3o, honrando a tradi\u00e7\u00e3o mineira que t\u00e3o bons jornalistas deu ao pa\u00eds\u201d, em refer\u00eancia ao jornalista nascido em Arax\u00e1 (MG).<\/p>\n<p>O governador do Distrito Federal, Rodrigo Rollemberg, afirmou em sua conta no Twitter que \u201cToninho Drumond \u00e9 uma daquelas pessoas que s\u00f3 nos deixa boas lembran\u00e7as. Sua educa\u00e7\u00e3o, sua gentileza no trato das pessoas e principalmente sua enorme experi\u00eancia profissional foram exemplares para todos n\u00f3s que convivemos com ele\u201d.<\/p>\n<p>A Associa\u00e7\u00e3o Brasileira de Emissoras de R\u00e1dio e Televis\u00e3o (Abert) tamb\u00e9m se manifestou, destacando o \u201clegado de dedica\u00e7\u00e3o e compromisso com o jornalismo\u201d. O Sindicato dos Jornalistas Profissionais do DF, em nota de solidariedade, lembrou que Toninho Drummond \u201cacompanhou a evolu\u00e7\u00e3o da hist\u00f3ria pol\u00edtica da capital\u201d.<\/p>\n<p>Edi\u00e7\u00e3o: Lidia Neves<\/p>\n","protected":false},"excerpt":{"rendered":"<p>Morreu na sexta-feira (23) o ex-diretor da TV Globo em Bras\u00edlia, o jornalista Antonio Carlos Drummond, conhecido como Toninho Drummond, aos 82 anos, por fal\u00eancia de m\u00faltiplos \u00f3rg\u00e3os. Ele estava internado com pneumonia e infec\u00e7\u00e3o renal. O jornalista dirigiu por 25 anos a sucursal da emissora em Bras\u00edlia, at\u00e9 se aposentar, em 2012. Drummond tamb\u00e9m &hellip;<\/p>\n","protected":false},"author":2,"featured_media":32241,"comment_status":"open","ping_status":"open","sticky":false,"template":"","format":"standard","meta":{"footnotes":""},"categories":[4],"tags":[],"class_list":["post-32666","post","type-post","status-publish","format-standard","has-post-thumbnail","hentry","category-ultimas-noticias"],"_links":{"self":[{"href":"https:\/\/goiasemtempo.com.br\/home\/wp-json\/wp\/v2\/posts\/32666","targetHints":{"allow":["GET"]}}],"collection":[{"href":"https:\/\/goiasemtempo.com.br\/home\/wp-json\/wp\/v2\/posts"}],"about":[{"href":"https:\/\/goiasemtempo.com.br\/home\/wp-json\/wp\/v2\/types\/post"}],"author":[{"embeddable":true,"href":"https:\/\/goiasemtempo.com.br\/home\/wp-json\/wp\/v2\/users\/2"}],"replies":[{"embeddable":true,"href":"https:\/\/goiasemtempo.com.br\/home\/wp-json\/wp\/v2\/comments?post=32666"}],"version-history":[{"count":1,"href":"https:\/\/goiasemtempo.com.br\/home\/wp-json\/wp\/v2\/posts\/32666\/revisions"}],"predecessor-version":[{"id":32667,"href":"https:\/\/goiasemtempo.com.br\/home\/wp-json\/wp\/v2\/posts\/32666\/revisions\/32667"}],"wp:featuredmedia":[{"embeddable":true,"href":"https:\/\/goiasemtempo.com.br\/home\/wp-json\/wp\/v2\/media\/32241"}],"wp:attachment":[{"href":"https:\/\/goiasemtempo.com.br\/home\/wp-json\/wp\/v2\/media?parent=32666"}],"wp:term":[{"taxonomy":"category","embeddable":true,"href":"https:\/\/goiasemtempo.com.br\/home\/wp-json\/wp\/v2\/categories?post=32666"},{"taxonomy":"post_tag","embeddable":true,"href":"https:\/\/goiasemtempo.com.br\/home\/wp-json\/wp\/v2\/tags?post=32666"}],"curies":[{"name":"wp","href":"https:\/\/api.w.org\/{rel}","templated":true}]}}