{"id":3246,"date":"2017-12-24T10:43:23","date_gmt":"2017-12-24T10:43:23","guid":{"rendered":"http:\/\/goiasemtempo.com.br\/home\/?p=3246"},"modified":"2017-12-24T10:43:23","modified_gmt":"2017-12-24T10:43:23","slug":"max-se-transforma-em-furacao-de-categoria-1-perto-do-litoral-sul-do-mexico","status":"publish","type":"post","link":"https:\/\/goiasemtempo.com.br\/home\/max-se-transforma-em-furacao-de-categoria-1-perto-do-litoral-sul-do-mexico\/","title":{"rendered":"Max se transforma em furac\u00e3o de categoria 1 perto do litoral sul do M\u00e9xico"},"content":{"rendered":"<p>Max se transformou em furac\u00e3o categoria 1 na escala Saffir-Simpson e avan\u00e7a em dire\u00e7\u00e3o ao estado de Guerrero, no sul do M\u00e9xico, onde deve tocar terra nas pr\u00f3ximas horas, informou nesta quinta-feira o Servi\u00e7o Meteorol\u00f3gico Nacional (SMN).<\/p>\n<p>Max se tornou furac\u00e3o categoria 1 e est\u00e1 localizado pr\u00f3ximo \u00e0 costa de Guerrero, trazendo chuvas, ventos fortes e grandes ondas a Guerrero e Oaxaca, indicou o SMN em seu \u00faltimo relat\u00f3rio.<\/p>\n<p>A Prote\u00e7\u00e3o Civil decretou alerta vermelho (perigo m\u00e1ximo) na costa de Guerrero, e laranja (perigo alto) na costa de Oaxaca, o estado mais afetado pelo poderoso terremoto do \u00faltimo dia 7 de setembro.<\/p>\n<p>Max, que se formou nesta quarta-feira no Pac\u00edfico, est\u00e1 85 quil\u00f4metros ao sudoeste de Acapulco (Guerrero) e se desloca em dire\u00e7\u00e3o ao leste a 9 km\/h com ventos sustentados de 120 km\/h por hora e rajadas de 150 km\/h.<\/p>\n<p>O SMN, que mant\u00e9m uma zona de vigil\u00e2ncia para Guerrero desde Punta Maldonado at\u00e9 Zihuatanejo, prev\u00ea para as pr\u00f3ximas horas tempestades intensas na costa central do estado.<\/p>\n<p>O progn\u00f3stico indica que Max tocar\u00e1 terra por volta do meio-dia (hor\u00e1rio local, 14h de Bras\u00edlia) desta quinta-feira e ficar\u00e1 em terra 70 quil\u00f4metros ao noroeste de Punta Maldonado.<\/p>\n<p>Max \u00e9 o 13\u00ba ciclone tropical que se forma nesta temporada de furac\u00f5es em \u00e1guas mexicanas do Pac\u00edfico. O \u00faltimo deles, Lidia, castigou a Pen\u00ednsula da Baixa Calif\u00f3rnia no in\u00edcio deste m\u00eas e deixou sete mortos, al\u00e9m de inunda\u00e7\u00f5es e danos em infraestrutura.<\/p>\n","protected":false},"excerpt":{"rendered":"<p>Max se transformou em furac\u00e3o categoria 1 na escala Saffir-Simpson e avan\u00e7a em dire\u00e7\u00e3o ao estado de Guerrero, no sul do M\u00e9xico, onde deve tocar terra nas pr\u00f3ximas horas, informou nesta quinta-feira o Servi\u00e7o Meteorol\u00f3gico Nacional (SMN). Max se tornou furac\u00e3o categoria 1 e est\u00e1 localizado pr\u00f3ximo \u00e0 costa de Guerrero, trazendo chuvas, ventos fortes &hellip;<\/p>\n","protected":false},"author":2,"featured_media":1009,"comment_status":"open","ping_status":"open","sticky":false,"template":"","format":"standard","meta":{"footnotes":""},"categories":[4],"tags":[],"class_list":["post-3246","post","type-post","status-publish","format-standard","has-post-thumbnail","hentry","category-ultimas-noticias"],"_links":{"self":[{"href":"https:\/\/goiasemtempo.com.br\/home\/wp-json\/wp\/v2\/posts\/3246","targetHints":{"allow":["GET"]}}],"collection":[{"href":"https:\/\/goiasemtempo.com.br\/home\/wp-json\/wp\/v2\/posts"}],"about":[{"href":"https:\/\/goiasemtempo.com.br\/home\/wp-json\/wp\/v2\/types\/post"}],"author":[{"embeddable":true,"href":"https:\/\/goiasemtempo.com.br\/home\/wp-json\/wp\/v2\/users\/2"}],"replies":[{"embeddable":true,"href":"https:\/\/goiasemtempo.com.br\/home\/wp-json\/wp\/v2\/comments?post=3246"}],"version-history":[{"count":1,"href":"https:\/\/goiasemtempo.com.br\/home\/wp-json\/wp\/v2\/posts\/3246\/revisions"}],"predecessor-version":[{"id":3247,"href":"https:\/\/goiasemtempo.com.br\/home\/wp-json\/wp\/v2\/posts\/3246\/revisions\/3247"}],"wp:featuredmedia":[{"embeddable":true,"href":"https:\/\/goiasemtempo.com.br\/home\/wp-json\/wp\/v2\/media\/1009"}],"wp:attachment":[{"href":"https:\/\/goiasemtempo.com.br\/home\/wp-json\/wp\/v2\/media?parent=3246"}],"wp:term":[{"taxonomy":"category","embeddable":true,"href":"https:\/\/goiasemtempo.com.br\/home\/wp-json\/wp\/v2\/categories?post=3246"},{"taxonomy":"post_tag","embeddable":true,"href":"https:\/\/goiasemtempo.com.br\/home\/wp-json\/wp\/v2\/tags?post=3246"}],"curies":[{"name":"wp","href":"https:\/\/api.w.org\/{rel}","templated":true}]}}