{"id":3217,"date":"2017-12-23T20:57:18","date_gmt":"2017-12-23T20:57:18","guid":{"rendered":"http:\/\/goiasemtempo.com.br\/home\/?p=3217"},"modified":"2017-12-23T20:57:18","modified_gmt":"2017-12-23T20:57:18","slug":"as-cinco-tendencias-do-salao-do-automovel-de-frankfurt","status":"publish","type":"post","link":"https:\/\/goiasemtempo.com.br\/home\/as-cinco-tendencias-do-salao-do-automovel-de-frankfurt\/","title":{"rendered":"As cinco tend\u00eancias do Sal\u00e3o do Autom\u00f3vel de Frankfurt"},"content":{"rendered":"<p>As montadoras expuseram no Sal\u00e3o Internacional do Autom\u00f3vel de Frankfurt (IAA) os \u00faltimos avan\u00e7os em rela\u00e7\u00e3o a ve\u00edculos mais ecologicamente corretos, inteligentes e velozes.<\/p>\n<p>Confira abaixo alguns dos destaques do Sal\u00e3o, evento que, todos os anos, atrai milhares de aficionados por autom\u00f3veis e fica aberto at\u00e9 24 de setembro, nesta cidade do oeste da Alemanha.<\/p>\n<p>&#8211; Supercarros &#8211;<\/p>\n<p>Quem sempre quis se sentir como Lewis Hamilton vai adorar o Mercedes-AMG Project One.<\/p>\n<p>Constru\u00eddo com tecnologias da F\u00f3rmula-1, o supercarro h\u00edbrido promete for\u00e7a de mil cavalos e velocidades superiores a 350 km\/h. A Mercedes pretende fabricar apenas 275 unidades, que v\u00e3o custar mais de dois milh\u00f5es de euros (2,4 milh\u00f5es de d\u00f3lares) cada.<\/p>\n<p>Parece um tubar\u00e3o, resumiu um dos visitantes, enquanto outros se aproximavam para tirar fotos com o prot\u00f3tipo do possante.<\/p>\n<p>Moritz, de 10 anos, tamb\u00e9m quis dar uma opini\u00e3o: pode-se dizer que a Mercedez se esfor\u00e7ou bastante, disse \u00e0 AFP. Mas teria gostado de spoilers traseiros maiores.<\/p>\n<p>Para n\u00e3o ficar para tr\u00e1s, a Bugatti revelou a edi\u00e7\u00e3o \u00fanica de seu supercarro, o Chiron, que vale 2,4 milh\u00f5es de euros (2,8 milh\u00f5es de d\u00f3lares) e bateu o recode de acelera\u00e7\u00e3o &#8211; de 0 km\/h a 400 km\/h em apenas 42 segundos.<\/p>\n<p>&#8211; Ganhando altura &#8211;<\/p>\n<p>Talvez ainda n\u00e3o sejam os carros voadores t\u00e3o sonhados, mas um grupo de start-ups acredita que os trajetos cotidianos v\u00e3o incluir vistas a\u00e9reas das cidades, algum dia.<\/p>\n<p>Os visitantes da IAA ficaram chocados com o t\u00e1xi a\u00e9reo sem piloto exposto pela Daimler, um carro com 18 rotores desenvolvido pela Volocopter.<\/p>\n<p>A start-up holandesa PAL-V desenvolveu uma mistura entre girosc\u00f3pio e carro. A m\u00e1quina pode ser usada para ir ao trabalho, desde que se disponha de 600 mil d\u00f3lares para compr\u00e1-lo e da licen\u00e7a para pilotar.<\/p>\n<p>&#8211; Por toda parte &#8211;<\/p>\n<p>Os ve\u00edculos utilit\u00e1rios esportivos reinaram no sal\u00e3o deste ano. Os SUVs representam dois ter\u00e7os dos modelos lan\u00e7ados, que atendem a todos os gostos e bolsos: do esportivo T-Roc, da Volkswagen, ao mais barato, Dacia Duster.<\/p>\n<p>Os fabricantes chineses est\u00e3o cada vez mais presentes com os modelos da Chery e da Wey, de luxo, ambos SUVs compactos.<\/p>\n<p>&#8211; Promessas &#8211;<\/p>\n<p>Tentando virar a p\u00e1gina do esc\u00e2ndalo dieselgate, de manipula\u00e7\u00e3o dos n\u00edveis de emiss\u00e3o de gases poluentes, os fabricantes exercitaram toda sua criatividade em carros el\u00e9tricos futuristas, que cuidam de tudo, enquanto a pessoa descansa e aproveita a viagem.<\/p>\n<p>Contudo, os observadores manifestaram sua frustra\u00e7\u00e3o pelos anos que ter\u00e3o que esperar antes de a maioria dos carros chegaram \u00e0s ruas. Nissan e Tesla &#8211; os \u00fanicos fabricantes que est\u00e3o produzindo ve\u00edculos el\u00e9tricos em massa &#8211; fugiram do IAA.<\/p>\n<p>N\u00e3o me interesse um conceito muito atraente, mas que nunca ser\u00e1 realidade, comenta o especialista do jornal Bild, Dennis Petermann, pedindo para os fabricantes alem\u00e3es entrarem de fato na briga contra a Tesla.<\/p>\n<p>&#8211; Cl\u00e1ssicos renovados &#8211;<\/p>\n<p>Os que preferem o rugir do motor cl\u00e1ssico \u00e0 suavidade do el\u00e9trico devem visitar \u00e0 se\u00e7\u00e3o Wild 70s do Sal\u00e3o para admirar o Gran Torino vermelho e branco popularizado pela s\u00e9rie Starsky &amp; Hutch, ou o Porsche Turbo Targa modelo 911, um item de colecionador.<\/p>\n<p>Os nost\u00e1lgicos da era hippie v\u00e3o adorar a estrela da Volkswagen: uma nova vers\u00e3o &#8211; el\u00e9trica, \u00e9 claro &#8211; da famosa Kombi.<\/p>\n<p>Com pranchas de surfe amarradas no teto, o modelo colorido pode estacionar em alguma praia por volta de 2020.<\/p>\n","protected":false},"excerpt":{"rendered":"<p>As montadoras expuseram no Sal\u00e3o Internacional do Autom\u00f3vel de Frankfurt (IAA) os \u00faltimos avan\u00e7os em rela\u00e7\u00e3o a ve\u00edculos mais ecologicamente corretos, inteligentes e velozes. Confira abaixo alguns dos destaques do Sal\u00e3o, evento que, todos os anos, atrai milhares de aficionados por autom\u00f3veis e fica aberto at\u00e9 24 de setembro, nesta cidade do oeste da Alemanha. &hellip;<\/p>\n","protected":false},"author":2,"featured_media":995,"comment_status":"open","ping_status":"open","sticky":false,"template":"","format":"standard","meta":{"footnotes":""},"categories":[4],"tags":[],"class_list":["post-3217","post","type-post","status-publish","format-standard","has-post-thumbnail","hentry","category-ultimas-noticias"],"_links":{"self":[{"href":"https:\/\/goiasemtempo.com.br\/home\/wp-json\/wp\/v2\/posts\/3217","targetHints":{"allow":["GET"]}}],"collection":[{"href":"https:\/\/goiasemtempo.com.br\/home\/wp-json\/wp\/v2\/posts"}],"about":[{"href":"https:\/\/goiasemtempo.com.br\/home\/wp-json\/wp\/v2\/types\/post"}],"author":[{"embeddable":true,"href":"https:\/\/goiasemtempo.com.br\/home\/wp-json\/wp\/v2\/users\/2"}],"replies":[{"embeddable":true,"href":"https:\/\/goiasemtempo.com.br\/home\/wp-json\/wp\/v2\/comments?post=3217"}],"version-history":[{"count":1,"href":"https:\/\/goiasemtempo.com.br\/home\/wp-json\/wp\/v2\/posts\/3217\/revisions"}],"predecessor-version":[{"id":3218,"href":"https:\/\/goiasemtempo.com.br\/home\/wp-json\/wp\/v2\/posts\/3217\/revisions\/3218"}],"wp:featuredmedia":[{"embeddable":true,"href":"https:\/\/goiasemtempo.com.br\/home\/wp-json\/wp\/v2\/media\/995"}],"wp:attachment":[{"href":"https:\/\/goiasemtempo.com.br\/home\/wp-json\/wp\/v2\/media?parent=3217"}],"wp:term":[{"taxonomy":"category","embeddable":true,"href":"https:\/\/goiasemtempo.com.br\/home\/wp-json\/wp\/v2\/categories?post=3217"},{"taxonomy":"post_tag","embeddable":true,"href":"https:\/\/goiasemtempo.com.br\/home\/wp-json\/wp\/v2\/tags?post=3217"}],"curies":[{"name":"wp","href":"https:\/\/api.w.org\/{rel}","templated":true}]}}