{"id":32037,"date":"2018-03-30T16:45:58","date_gmt":"2018-03-30T16:45:58","guid":{"rendered":"https:\/\/goiasemtempo.com.br\/home\/?p=32037"},"modified":"2018-03-30T16:45:58","modified_gmt":"2018-03-30T16:45:58","slug":"bispo-celebra-missa-do-crisma-em-anapolis-com-todo-o-clero","status":"publish","type":"post","link":"https:\/\/goiasemtempo.com.br\/home\/bispo-celebra-missa-do-crisma-em-anapolis-com-todo-o-clero\/","title":{"rendered":"Bispo celebra Missa do Crisma em An\u00e1polis  com todo o Clero"},"content":{"rendered":"<p>Na manh\u00e3 de quinta-feira santa, 29, Dom Jo\u00e3o Wilk, bispo diocesano, celebrou a Missa do Crisma, ou Missa dos Santos \u00d3leos, juntamente com todo o clero, \u00e0s 09h, na Catedral do Senhor Bom Jesus, em An\u00e1polis. A celebra\u00e7\u00e3o contou com grande participa\u00e7\u00e3o de religiosos e religiosas e leigos(as).<\/p>\n<p>Durante a celebra\u00e7\u00e3o Dom Jo\u00e3o se dirigiu aos sacerdotes \u201choje \u00e9 um dia muito especial para n\u00f3s. Uma vez mais a Divina Provid\u00eancia nos re\u00fane nesta Quinta-feira Santa aqui nesta igreja Catedral para celebrar com sincera humildade, rever\u00eancia e gratid\u00e3o o dom da Sant\u00edssima Eucaristia e do sacerd\u00f3cio. Paternalmente, quero abra\u00e7ar atrav\u00e9s de minhas palavras e ora\u00e7\u00f5es a todos os sacerdotes da Diocese de An\u00e1polis presentes aqui e tamb\u00e9m aqueles que partiram em miss\u00e3o e est\u00e3o realizando a nossa solicitude mission\u00e1ria noutras dioceses\u201d.<\/p>\n<p><img fetchpriority=\"high\" decoding=\"async\" class=\"size-full wp-image-5818 alignleft\" src=\"http:\/\/www.diocesedeanapolis.org.br\/wp-content\/uploads\/2018\/03\/not_missa_do_crisma_texto_2.jpg\" sizes=\"(max-width: 300px) 100vw, 300px\" srcset=\"http:\/\/www.diocesedeanapolis.org.br\/wp-content\/uploads\/2018\/03\/not_missa_do_crisma_texto_2.jpg 300w, http:\/\/www.diocesedeanapolis.org.br\/wp-content\/uploads\/2018\/03\/not_missa_do_crisma_texto_2-263x174.jpg 263w, http:\/\/www.diocesedeanapolis.org.br\/wp-content\/uploads\/2018\/03\/not_missa_do_crisma_texto_2-272x182.jpg 272w\" alt=\"\" width=\"300\" height=\"200\" \/><img decoding=\"async\" src=\"http:\/\/www.diocesedeanapolis.org.br\/wp-content\/uploads\/2018\/03\/not_missa_do_crisma_texto.jpg\" \/><\/p>\n<p>Voltado para os sacerdotes o bispo questiona \u201ccomo devemos celebrar a Missa para que seja um verdadeiro encontro pessoal com Cristo? Como podemos viver esse mist\u00e9rio da Eucaristia? Como nos tornar pessoas eucar\u00edsticas, como o foram os santos?\u201d e como resposta indica que somente Cristo pode ensinar, \u201cEle \u00e9 o mestre\u201d!<\/p>\n<p>Tomando Jesus como modelo de Pastor, Dom Jo\u00e3o continua dizendo \u201cque Jesus nos revela que Deus \u00e9 humilde\u201d, fazendo referencia ao minist\u00e9rio sacerdotal, e afirma como S\u00e3o Francisco de Sales que \u201cA humildade \u00e9 a precursora da caridade: como Jo\u00e3o Batista o foi de Cristo\u201d. Depois apresentou Jesus como \u00e0quele que revela a miseric\u00f3rdia de Deus, e questionou: \u201cE n\u00f3s, queridos irm\u00e3os? N\u00f3s na nossa Santa Missa fazemos de verdade comunh\u00e3o com o Deus que perdoa? N\u00f3s somos uma comunidade (um presbit\u00e9rio) do perd\u00e3o f\u00e1cil, pronto, quotidiano, generoso? Quem n\u00e3o perdoa, n\u00e3o conhece Deus; quem n\u00e3o perdoa \u00e9 sem Deus: porque O recusou recusando o perd\u00e3o\u201d. Outra imagem que ele ressaltou em Jesus \u00e9 que Ele nos revela que Deus \u00e9 pobre. Diante disso\u00a0<img decoding=\"async\" class=\"size-full wp-image-5819 alignright\" src=\"http:\/\/www.diocesedeanapolis.org.br\/wp-content\/uploads\/2018\/03\/not_missa_do_crisma_texto.jpg\" sizes=\"(max-width: 300px) 100vw, 300px\" srcset=\"http:\/\/www.diocesedeanapolis.org.br\/wp-content\/uploads\/2018\/03\/not_missa_do_crisma_texto.jpg 300w, http:\/\/www.diocesedeanapolis.org.br\/wp-content\/uploads\/2018\/03\/not_missa_do_crisma_texto-263x174.jpg 263w, http:\/\/www.diocesedeanapolis.org.br\/wp-content\/uploads\/2018\/03\/not_missa_do_crisma_texto-272x182.jpg 272w\" alt=\"\" width=\"300\" height=\"200\" \/>afirma que \u201ca pobreza de Deus \u00e9 consequ\u00eancia inevit\u00e1vel do Seu Amor: o amor verdadeiro \u00e9 dom de si; e quem doa, n\u00e3o possui\u201d.<\/p>\n<p><img decoding=\"async\" src=\"http:\/\/www.diocesedeanapolis.org.br\/wp-content\/uploads\/2018\/03\/not_missa_do_crisma_texto_2.jpg\" \/><\/p>\n<p>Por fim, o bispo diocesano falou da \u201cunidade\u201d. \u201cDeus cuida de n\u00f3s! Isto \u00e9 certeza. A n\u00f3s cabe dar-lhe gl\u00f3ria na e pela unidade. O mundo est\u00e1 dilacerado, a sociedade est\u00e1 dilacerada, a fam\u00edlia est\u00e1 dilacerada, a Igreja sofre com tantas e t\u00e3o diversas dilacera\u00e7\u00f5es. Jesus pede o mais importante: a unidade para n\u00f3s. Membros do presbit\u00e9rio sejamos um. A unidade \u00e9 a gl\u00f3ria de Deus! A unidade \u00e9 o argumento do nosso apostolado! A unidade \u00e9 o argumento da nossa perseveran\u00e7a!<\/p>\n","protected":false},"excerpt":{"rendered":"<p>Na manh\u00e3 de quinta-feira santa, 29, Dom Jo\u00e3o Wilk, bispo diocesano, celebrou a Missa do Crisma, ou Missa dos Santos \u00d3leos, juntamente com todo o clero, \u00e0s 09h, na Catedral do Senhor Bom Jesus, em An\u00e1polis. A celebra\u00e7\u00e3o contou com grande participa\u00e7\u00e3o de religiosos e religiosas e leigos(as). Durante a celebra\u00e7\u00e3o Dom Jo\u00e3o se dirigiu &hellip;<\/p>\n","protected":false},"author":3,"featured_media":32038,"comment_status":"open","ping_status":"open","sticky":false,"template":"","format":"standard","meta":{"_exactmetrics_skip_tracking":false,"_exactmetrics_sitenote_active":false,"_exactmetrics_sitenote_note":"","_exactmetrics_sitenote_category":0,"footnotes":""},"categories":[19],"tags":[],"_links":{"self":[{"href":"https:\/\/goiasemtempo.com.br\/home\/wp-json\/wp\/v2\/posts\/32037"}],"collection":[{"href":"https:\/\/goiasemtempo.com.br\/home\/wp-json\/wp\/v2\/posts"}],"about":[{"href":"https:\/\/goiasemtempo.com.br\/home\/wp-json\/wp\/v2\/types\/post"}],"author":[{"embeddable":true,"href":"https:\/\/goiasemtempo.com.br\/home\/wp-json\/wp\/v2\/users\/3"}],"replies":[{"embeddable":true,"href":"https:\/\/goiasemtempo.com.br\/home\/wp-json\/wp\/v2\/comments?post=32037"}],"version-history":[{"count":1,"href":"https:\/\/goiasemtempo.com.br\/home\/wp-json\/wp\/v2\/posts\/32037\/revisions"}],"predecessor-version":[{"id":32039,"href":"https:\/\/goiasemtempo.com.br\/home\/wp-json\/wp\/v2\/posts\/32037\/revisions\/32039"}],"wp:featuredmedia":[{"embeddable":true,"href":"https:\/\/goiasemtempo.com.br\/home\/wp-json\/wp\/v2\/media\/32038"}],"wp:attachment":[{"href":"https:\/\/goiasemtempo.com.br\/home\/wp-json\/wp\/v2\/media?parent=32037"}],"wp:term":[{"taxonomy":"category","embeddable":true,"href":"https:\/\/goiasemtempo.com.br\/home\/wp-json\/wp\/v2\/categories?post=32037"},{"taxonomy":"post_tag","embeddable":true,"href":"https:\/\/goiasemtempo.com.br\/home\/wp-json\/wp\/v2\/tags?post=32037"}],"curies":[{"name":"wp","href":"https:\/\/api.w.org\/{rel}","templated":true}]}}