{"id":31956,"date":"2018-03-28T22:39:11","date_gmt":"2018-03-28T22:39:11","guid":{"rendered":"https:\/\/goiasemtempo.com.br\/home\/?p=31956"},"modified":"2018-03-28T22:39:46","modified_gmt":"2018-03-28T22:39:46","slug":"justica-do-rio-decreta-que-facebook-exclua-publicacoes-que-caluniam-marielle","status":"publish","type":"post","link":"https:\/\/goiasemtempo.com.br\/home\/justica-do-rio-decreta-que-facebook-exclua-publicacoes-que-caluniam-marielle\/","title":{"rendered":"Justi\u00e7a do Rio decreta  que Facebook exclua publica\u00e7\u00f5es que caluniam Marielle"},"content":{"rendered":"<p>Uma decis\u00e3o liminar do Tribunal de Justi\u00e7a do Rio de Janeiro (TJRJ) publicada hoje (28) concede prazo de 24 horas para que o Facebook retire do ar publica\u00e7\u00f5es que caluniam a vereadora do Rio de Janeiro, Marielle Franco (PSOL), assassinada no dia 14 de mar\u00e7o. Caso n\u00e3o acate a determina\u00e7\u00e3o, a rede social poder\u00e1 ser multada em R$ 500 mil e ter suas atividades temporariamente suspensas.<\/p>\n<p>&#8220;O descumprimento das ordens poder\u00e1 levar \u00e0 suspens\u00e3o tempor\u00e1ria das atividades do r\u00e9u como previsto no Artigo 12 da Lei que criou o Marco Regulat\u00f3rio Civil da Internet, at\u00e9 que cumpra esta integralmente&#8221;, escreveu o juiz Jorge Jansen Counago Novelle.<\/p>\n<p>A a\u00e7\u00e3o atende pedido da irm\u00e3 e da vi\u00fava da vereadora, Anielle Franco e M\u00f4nica Ben\u00edcio. Defendidas pelas advogadas Samara Castro, Evelyn Melo e Juliana Dur\u00e3es, elas j\u00e1 haviam processado\u00a0 google\u00a0na semana passada e obtiveram\u00a0 decis\u00e3o judicial favor\u00e1vel para que 16 v\u00eddeos fossem eliminados de sua plataforma de v\u00eddeos, o Youtube. De acordo com elas, a internet n\u00e3o deve ser tratada como \u201cterra sem lei\u201d e a liberdade de express\u00e3o n\u00e3o pode se sobrepor a outras garantias constitucionais, entre elas o princ\u00edpio da dignidade da pessoa humana.<\/p>\n<p>Dias ap\u00f3s o assassinato de Marielle, as advogadas ajudaram a impulsionar uma campanha pedindo que as pessoas denunciassem os perfis de redes sociais que estavam veiculando informa\u00e7\u00f5es falsas. Quase 20 mil\u00a0<em>e-mails<\/em>\u00a0foram recebidos, contendo den\u00fancias de mensagens que propagam cal\u00fanias, discursos de \u00f3dio e not\u00edcias falsas, as chamadas\u00a0<em>fake news<\/em>.<\/p>\n<p>Na a\u00e7\u00e3o, s\u00e3o listadas diversas postagens no Facebook, incluindo textos, v\u00eddeos e imagens onde Marielle \u00e9 acusada de ser &#8220;engajada com o tr\u00e1fico&#8221;, &#8220;eleita pelo Comando Vermelho&#8221;, &#8220;envolvida com criminosos&#8221;, &#8220;usu\u00e1ria da maconha&#8221;, &#8220;integrante de partido que re\u00fane bandidos&#8221;, &#8220;um lixo&#8221;, &#8220;marmita de ladr\u00e3o&#8221; e &#8220;ex-mulher do traficante Marcinho VP&#8221;. A decis\u00e3o determina que o Facebook exclua todas as publica\u00e7\u00f5es mencionadas e que atue para filtrar e coibir novas postagens.<\/p>\n<p>De acordo com o magistrado, o Facebook foi omisso e conivente com as publica\u00e7\u00f5es, permitindo a propaga\u00e7\u00e3o de crimes contra algu\u00e9m que j\u00e1 n\u00e3o tem como se defender. Em sua argumenta\u00e7\u00e3o, as postagens j\u00e1 deveriam ter sido exclu\u00eddas, tendo em vista que afrontam a Constitui\u00e7\u00e3o da Rep\u00fablica e s\u00e3o consideradas atos il\u00edcitos no C\u00f3digo Penal e no C\u00f3digo Civil. &#8220;N\u00e3o se h\u00e1 de permitir que a mem\u00f3ria da excelent\u00edssima senhora vereadora Marielle Franco continue a ser vilipendiada por fac\u00ednoras e canalhas, iguais \u00e0queles que a trucidaram&#8221;, escreveu.<\/p>\n<p>Jorge Novelle avaliou que os autos trazem muitas provas e que as agress\u00f5es verbais abalam as atividades, at\u00e9 mesmo profissionais, dos membros da fam\u00edlia da vereadora, incluindo sua companheira. Al\u00e9m disso, ele considerou que os autores das publica\u00e7\u00f5es tentam se esconder nas redes sociais e tamb\u00e9m atr\u00e1s do anonimato, como se a internet estivesse atr\u00e1s de uma cortina.<\/p>\n<p>O juiz determinou ainda que o Facebook informe os perfis e pessoas respons\u00e1veis pelas publica\u00e7\u00f5es, mesmo aquelas que j\u00e1 tenham apagado as mensagens. A identifica\u00e7\u00e3o dos usu\u00e1rios \u00e9 solicitada pela irm\u00e3 e pela companheira de Marielle para que possam futuramente ingressar com a\u00e7\u00f5es de repara\u00e7\u00e3o civil e criminal.<\/p>\n<p>Uma das postagens j\u00e1 exclu\u00eddas pelo pr\u00f3prio perfil \u00e9 a da desembargadora Mar\u00edlia de Castro Neves, tamb\u00e9m do TJRJ. Ela acusou Marielle de estar &#8220;engajada com bandido&#8221; e de ter envolvimento com a fac\u00e7\u00e3o criminosa Comando Vermelho. O caso ganhou repercuss\u00e3o devido ao cargo ocupado pela autora do texto. Posteriormente, a magistrada fez nova postagem na rede social admitindo n\u00e3o ter provas que subsidiem as alega\u00e7\u00f5es e disse ter se precipitado. O PSOL, partido da vereadora, apresentou uma representa\u00e7\u00e3o\u00a0\u00a0no Conselho Nacional de Justi\u00e7a (CNJ) pedindo da puni\u00e7\u00e3o da desembargadora.<\/p>\n<p><strong>Patroc\u00ednio<\/strong><\/p>\n<p>A decis\u00e3o do TJRJ tamb\u00e9m obriga o Facebook a informar se os perfis de Luciano Ayan e de Luciano Henrique Ayan e a p\u00e1gina do Movimento Brasil Livre (MBL) patrocinaram publica\u00e7\u00f5es caluniosas contra Marielle Franco. Os dois usu\u00e1rios e a organiza\u00e7\u00e3o pol\u00edtica s\u00e3o apontados pelas advogadas de Anielle e M\u00f4nica como tr\u00eas dos precursores da campanha de\u00a0<em>fake news<\/em>contra a vereadora. Elas querem saber se o Facebook lucrou com as cal\u00fanias, uma vez que a rede social recebe patroc\u00ednio para impulsionar determinadas postagens.<\/p>\n<p>Na semana passada, uma reportagem do jornal\u00a0<em>O Globo<\/em>\u00a0tratou de uma poss\u00edvel liga\u00e7\u00e3o entre o MBL e a p\u00e1gina Ceticismo Pol\u00edtico, administrada pelo perfil Luciano Henrique Ayan. Desta p\u00e1gina, partiu uma das postagens mais compartilhadas que ligava Marielle Franco ao crime organizado. Segundo o jornal, o MBL publicou na rede social mensagem id\u00eantica \u00e0 veiculada pelo Ceticismo Pol\u00edtico, amplificando o alcance dos boatos.<\/p>\n<p>A\u00a0<strong>Ag\u00eancia Brasil<\/strong>\u00a0procurou o MBL e o Facebook que n\u00e3o se manifestaram at\u00e9 a publica\u00e7\u00e3o do texto.<\/p>\n<div class=\"node-info\">Edi\u00e7\u00e3o:\u00a0<strong>Denise Griesinger<\/strong><\/div>\n","protected":false},"excerpt":{"rendered":"<p>Uma decis\u00e3o liminar do Tribunal de Justi\u00e7a do Rio de Janeiro (TJRJ) publicada hoje (28) concede prazo de 24 horas para que o Facebook retire do ar publica\u00e7\u00f5es que caluniam a vereadora do Rio de Janeiro, Marielle Franco (PSOL), assassinada no dia 14 de mar\u00e7o. Caso n\u00e3o acate a determina\u00e7\u00e3o, a rede social poder\u00e1 ser &hellip;<\/p>\n","protected":false},"author":3,"featured_media":31957,"comment_status":"open","ping_status":"open","sticky":false,"template":"","format":"standard","meta":{"_exactmetrics_skip_tracking":false,"_exactmetrics_sitenote_active":false,"_exactmetrics_sitenote_note":"","_exactmetrics_sitenote_category":0,"footnotes":""},"categories":[19],"tags":[],"_links":{"self":[{"href":"https:\/\/goiasemtempo.com.br\/home\/wp-json\/wp\/v2\/posts\/31956"}],"collection":[{"href":"https:\/\/goiasemtempo.com.br\/home\/wp-json\/wp\/v2\/posts"}],"about":[{"href":"https:\/\/goiasemtempo.com.br\/home\/wp-json\/wp\/v2\/types\/post"}],"author":[{"embeddable":true,"href":"https:\/\/goiasemtempo.com.br\/home\/wp-json\/wp\/v2\/users\/3"}],"replies":[{"embeddable":true,"href":"https:\/\/goiasemtempo.com.br\/home\/wp-json\/wp\/v2\/comments?post=31956"}],"version-history":[{"count":1,"href":"https:\/\/goiasemtempo.com.br\/home\/wp-json\/wp\/v2\/posts\/31956\/revisions"}],"predecessor-version":[{"id":31958,"href":"https:\/\/goiasemtempo.com.br\/home\/wp-json\/wp\/v2\/posts\/31956\/revisions\/31958"}],"wp:featuredmedia":[{"embeddable":true,"href":"https:\/\/goiasemtempo.com.br\/home\/wp-json\/wp\/v2\/media\/31957"}],"wp:attachment":[{"href":"https:\/\/goiasemtempo.com.br\/home\/wp-json\/wp\/v2\/media?parent=31956"}],"wp:term":[{"taxonomy":"category","embeddable":true,"href":"https:\/\/goiasemtempo.com.br\/home\/wp-json\/wp\/v2\/categories?post=31956"},{"taxonomy":"post_tag","embeddable":true,"href":"https:\/\/goiasemtempo.com.br\/home\/wp-json\/wp\/v2\/tags?post=31956"}],"curies":[{"name":"wp","href":"https:\/\/api.w.org\/{rel}","templated":true}]}}