{"id":31947,"date":"2018-03-28T11:36:45","date_gmt":"2018-03-28T11:36:45","guid":{"rendered":"https:\/\/goiasemtempo.com.br\/home\/?p=31947"},"modified":"2018-03-28T11:36:45","modified_gmt":"2018-03-28T11:36:45","slug":"urban-atende-usuarios-e-faz-remodelacao-em-regioes-de-anapolis","status":"publish","type":"post","link":"https:\/\/goiasemtempo.com.br\/home\/urban-atende-usuarios-e-faz-remodelacao-em-regioes-de-anapolis\/","title":{"rendered":"Urban atende usu\u00e1rios , e faz remodela\u00e7\u00e3o em regi\u00f5es de An\u00e1polis"},"content":{"rendered":"<p>A empresa Urban, em respeito aos remanejamentos feitos por crit\u00e9rios da Companhia Municipal de Tr\u00e2nsito e Transportes (CMTT), anuncia que foram feitas fus\u00f5es de linhas em diversos setores.<\/p>\n<p>O usu\u00e1rio do sistema precisa ficar atento \u00e0s mudan\u00e7as e se informar com os funcion\u00e1rios da Urban na Esta\u00e7\u00e3o Central da Pra\u00e7a Americano do Brasil. Em conjunto com a CMTT a URBAN fez levantamentos e optou por altera\u00e7\u00f5es em busca da efici\u00eancia.<\/p>\n<p>Exemplo: em alguns setores os \u00f4nibus circulavam lotados nos hor\u00e1rios de pico, enquanto coletivos de outros bairros andavam vazios. Como o sistema \u00e9 mantido com as tarifas pagas pelos clientes, \u00f4nibus lotado ou vazio n\u00e3o \u00e9 do interesse de quem paga a conta.<\/p>\n<p>A moderniza\u00e7\u00e3o permitir\u00e1 o equil\u00edbrio das linhas e a funcionalidade de todo o sistema. O caso espec\u00edfico do Jardim Progresso o remanejamento permitiu que o n\u00famero de viagens di\u00e1rias para atender os moradores locais saltasse 43 para 63, segundo disse \u00e0 r\u00e1dio\u00a0 Manchester o executivo Humberto El Zayek.<\/p>\n<p>Texto: Jairo Mendes<\/p>\n","protected":false},"excerpt":{"rendered":"<p>A empresa Urban, em respeito aos remanejamentos feitos por crit\u00e9rios da Companhia Municipal de Tr\u00e2nsito e Transportes (CMTT), anuncia que foram feitas fus\u00f5es de linhas em diversos setores. O usu\u00e1rio do sistema precisa ficar atento \u00e0s mudan\u00e7as e se informar com os funcion\u00e1rios da Urban na Esta\u00e7\u00e3o Central da Pra\u00e7a Americano do Brasil. Em conjunto &hellip;<\/p>\n","protected":false},"author":3,"featured_media":31948,"comment_status":"open","ping_status":"open","sticky":false,"template":"","format":"standard","meta":{"_exactmetrics_skip_tracking":false,"_exactmetrics_sitenote_active":false,"_exactmetrics_sitenote_note":"","_exactmetrics_sitenote_category":0,"footnotes":""},"categories":[4],"tags":[],"_links":{"self":[{"href":"https:\/\/goiasemtempo.com.br\/home\/wp-json\/wp\/v2\/posts\/31947"}],"collection":[{"href":"https:\/\/goiasemtempo.com.br\/home\/wp-json\/wp\/v2\/posts"}],"about":[{"href":"https:\/\/goiasemtempo.com.br\/home\/wp-json\/wp\/v2\/types\/post"}],"author":[{"embeddable":true,"href":"https:\/\/goiasemtempo.com.br\/home\/wp-json\/wp\/v2\/users\/3"}],"replies":[{"embeddable":true,"href":"https:\/\/goiasemtempo.com.br\/home\/wp-json\/wp\/v2\/comments?post=31947"}],"version-history":[{"count":1,"href":"https:\/\/goiasemtempo.com.br\/home\/wp-json\/wp\/v2\/posts\/31947\/revisions"}],"predecessor-version":[{"id":31949,"href":"https:\/\/goiasemtempo.com.br\/home\/wp-json\/wp\/v2\/posts\/31947\/revisions\/31949"}],"wp:featuredmedia":[{"embeddable":true,"href":"https:\/\/goiasemtempo.com.br\/home\/wp-json\/wp\/v2\/media\/31948"}],"wp:attachment":[{"href":"https:\/\/goiasemtempo.com.br\/home\/wp-json\/wp\/v2\/media?parent=31947"}],"wp:term":[{"taxonomy":"category","embeddable":true,"href":"https:\/\/goiasemtempo.com.br\/home\/wp-json\/wp\/v2\/categories?post=31947"},{"taxonomy":"post_tag","embeddable":true,"href":"https:\/\/goiasemtempo.com.br\/home\/wp-json\/wp\/v2\/tags?post=31947"}],"curies":[{"name":"wp","href":"https:\/\/api.w.org\/{rel}","templated":true}]}}