{"id":31854,"date":"2018-03-26T15:09:53","date_gmt":"2018-03-26T15:09:53","guid":{"rendered":"https:\/\/goiasemtempo.com.br\/home\/?p=31854"},"modified":"2018-03-26T15:09:53","modified_gmt":"2018-03-26T15:09:53","slug":"ipva-de-veiculos-com-placa-final-1-vence-nesta-terca-feira","status":"publish","type":"post","link":"https:\/\/goiasemtempo.com.br\/home\/ipva-de-veiculos-com-placa-final-1-vence-nesta-terca-feira\/","title":{"rendered":"IPVA de ve\u00edculos com placa final 1 vence nesta ter\u00e7a-feira"},"content":{"rendered":"<p>Os propriet\u00e1rios de ve\u00edculo com placa final 1 devem ficar atentos ao prazo para pagamento da terceira parcela ou quota \u00fanica do Imposto sobre a Propriedade de Ve\u00edculos Automotores (IPVA). A data limite \u00e9 esta ter\u00e7a-feira, dia 27, alerta a Ger\u00eancia de IPVA da Secretaria da Fazenda.<\/p>\n<p>O gerente Nivaldo Damasceno explica que, aqueles que n\u00e3o receberam os boletos pelos Correios devem ir a uma unidade do Vapt Vupt para obter o Documento de Arrecada\u00e7\u00e3o Estadual (DARE) ou acess\u00e1-lo pela internet, nos sites da Sefaz (em IPVA) ou Detran.<\/p>\n<p>J\u00e1 o IPVA do ve\u00edculo com placa final 2 pode ser pago at\u00e9 o dia 11 de abril, tanto a terceira parcela \u2013 nos casos em que o motorista optou pelo parcelamento \u2013 quanto a cota \u00fanica. E no dia 10 de abril vence a segunda parcela do ve\u00edculo de placa final 3. Para eles, a terceira parcela ou quota \u00fanica pode ser paga at\u00e9 o dia 10 de maio.<\/p>\n<p><strong>Descontos<\/strong><\/p>\n<p>Nivaldo Damasceno explica que no valor do boleto, j\u00e1 est\u00e3o deduzidos o desconto de 50% para carros 1.0 e motos at\u00e9 125 cilindradas al\u00e9m do desconto de 5% a 10% concedido pela Sefaz \u00e0queles que pediram o CPF na nota no ano passado por meio do\u00a0<em>Programa Nota Fiscal Goiana<\/em>.<\/p>\n<p>O abatimento no valor do IPVA \u00e9 concedido pelo Governo de Goi\u00e1s desde 2012 como forma de incentivar o bom condutor. \u00c9 atribu\u00eddo aos propriet\u00e1rios de carros 1.0 e motocicletas de at\u00e9 125 cilindradas que n\u00e3o tenham tido multas e n\u00e3o tenham se envolvido em acidente de tr\u00e2nsito por neglig\u00eancia, imper\u00edcia, imprud\u00eancia ou dolo nos \u00faltimos 12 meses. \u201cO propriet\u00e1rio deve ficar atento \u00e0 data de vencimento porque o pagamento em atraso acarretar\u00e1 a perda autom\u00e1tica do desses dois descontos\u201d, alerta o auditor fiscal.<\/p>\n<p><img decoding=\"async\" src=\"http:\/\/www.goiasagora.go.gov.br\/wp-content\/uploads\/2018\/03\/%C3%ADndice1.jpg\" alt=\"\u00c3\u00adndice\" \/><\/p>\n","protected":false},"excerpt":{"rendered":"<p>Os propriet\u00e1rios de ve\u00edculo com placa final 1 devem ficar atentos ao prazo para pagamento da terceira parcela ou quota \u00fanica do Imposto sobre a Propriedade de Ve\u00edculos Automotores (IPVA). A data limite \u00e9 esta ter\u00e7a-feira, dia 27, alerta a Ger\u00eancia de IPVA da Secretaria da Fazenda. O gerente Nivaldo Damasceno explica que, aqueles que &hellip;<\/p>\n","protected":false},"author":3,"featured_media":31856,"comment_status":"open","ping_status":"open","sticky":false,"template":"","format":"standard","meta":{"_exactmetrics_skip_tracking":false,"_exactmetrics_sitenote_active":false,"_exactmetrics_sitenote_note":"","_exactmetrics_sitenote_category":0,"footnotes":""},"categories":[15],"tags":[],"_links":{"self":[{"href":"https:\/\/goiasemtempo.com.br\/home\/wp-json\/wp\/v2\/posts\/31854"}],"collection":[{"href":"https:\/\/goiasemtempo.com.br\/home\/wp-json\/wp\/v2\/posts"}],"about":[{"href":"https:\/\/goiasemtempo.com.br\/home\/wp-json\/wp\/v2\/types\/post"}],"author":[{"embeddable":true,"href":"https:\/\/goiasemtempo.com.br\/home\/wp-json\/wp\/v2\/users\/3"}],"replies":[{"embeddable":true,"href":"https:\/\/goiasemtempo.com.br\/home\/wp-json\/wp\/v2\/comments?post=31854"}],"version-history":[{"count":1,"href":"https:\/\/goiasemtempo.com.br\/home\/wp-json\/wp\/v2\/posts\/31854\/revisions"}],"predecessor-version":[{"id":31857,"href":"https:\/\/goiasemtempo.com.br\/home\/wp-json\/wp\/v2\/posts\/31854\/revisions\/31857"}],"wp:featuredmedia":[{"embeddable":true,"href":"https:\/\/goiasemtempo.com.br\/home\/wp-json\/wp\/v2\/media\/31856"}],"wp:attachment":[{"href":"https:\/\/goiasemtempo.com.br\/home\/wp-json\/wp\/v2\/media?parent=31854"}],"wp:term":[{"taxonomy":"category","embeddable":true,"href":"https:\/\/goiasemtempo.com.br\/home\/wp-json\/wp\/v2\/categories?post=31854"},{"taxonomy":"post_tag","embeddable":true,"href":"https:\/\/goiasemtempo.com.br\/home\/wp-json\/wp\/v2\/tags?post=31854"}],"curies":[{"name":"wp","href":"https:\/\/api.w.org\/{rel}","templated":true}]}}