{"id":31841,"date":"2018-03-26T13:13:23","date_gmt":"2018-03-26T13:13:23","guid":{"rendered":"https:\/\/goiasemtempo.com.br\/home\/?p=31841"},"modified":"2018-03-28T04:05:07","modified_gmt":"2018-03-28T04:05:07","slug":"etec-de-catanduva-comemora-70-anos-com-programacao-para-os-alunos","status":"publish","type":"post","link":"https:\/\/goiasemtempo.com.br\/home\/etec-de-catanduva-comemora-70-anos-com-programacao-para-os-alunos\/","title":{"rendered":"Opera\u00e7\u00e3o em complexo de favelas do Rio termina com 24 presos"},"content":{"rendered":"<p>O Comando Conjunto das For\u00e7as Armadas divulgou, no in\u00edcio desta noite, o balan\u00e7o da opera\u00e7\u00e3o realizada hoje (27) no Complexo de Favelas do Lins de Vasconcelos, zona norte do Rio. Ao todo, 24 pessoas foram presas, e cumpridos 16 mandados de pris\u00e3o e feitos oito flagrantes por tr\u00e1fico e porte ilegal de arma.<\/p>\n<p>Na opera\u00e7\u00e3o, que come\u00e7ou nas primeiras horas desta ter\u00e7a-feira, foram apreendidas cerca de 10 quilos de maconha, uma grande quantidade de coca\u00edna e de <em>crack<\/em>, duas pistolas autom\u00e1ticas, um revolver, muni\u00e7\u00f5es e oito radiotransmissores, al\u00e9m de recuperados 10 carros roubados e 11 motocicletas usados por traficantes da regi\u00e3o. A opera\u00e7\u00e3o faz parte das medidas determinadas pela interven\u00e7\u00e3o federal na seguran\u00e7a p\u00fablica do estado. A a\u00e7\u00e3o no Complexo do Lins contou com o maior contingente desde fevereiro, quando teve in\u00edcio a interven\u00e7\u00e3o. Foram 3,4 mil militares das For\u00e7as Armadas, al\u00e9m de 150 policiais militares e 350 policiais civis.<\/p>\n<p>O Complexo do Lins \u00e9 uma regi\u00e3o da cidade onde ocorrem com frequ\u00eancia roubos de carga de carretas, principalmente as quetrafregam pela Linha Amarela, por sua proximidade com a comunidade. Normalmente, motociclistas ou condutores de carros abordam o motorista da carreta na via expressa; um deles entra no ve\u00edculo, que \u00e9 obrigado a seguir para uma das favelas do complexo. L\u00e1, a carga \u00e9 retirada da carreta e levada para uma casa ou galp\u00e3o usado pelos criminosos, e depo<strong>i<\/strong>s \u00e9 vendida para atravessadores que j\u00e1 t\u00eam contato com a quadrilha.<\/p>\n<p><strong>Graja\u00fa-Jacarepagu\u00e1<\/strong><\/p>\n<p>A Autoestrada Graja\u00fa-Jacarepagu\u00e1 foi fechada, por medida de seguran\u00e7a, nos dois sentidos, desde cedo, para que as tropas federais pudessem usar as pistas da via para facilitar o acesso aos morros da Cachoeirinha e Cachoeira Grande, que ficam na parte alta do complexo. O acesso a esses morros \u00e9 feito pela autoestrada.<\/p>\n<p>As tropas federais liberaram a via \u00e0s 15h40, quando come\u00e7aram a retornar aos quart\u00e9is. O tr\u00e1fego est\u00e1 normalizado, mas durante o dia os motoristas que sa\u00edram dos bairros de Jacarepagu\u00e1, Barra da Tijuca e Recreio dos Bandeirantes sofreram com grandes congestionamentos, porque tiveram como op\u00e7\u00e3o a Autoestrada Lagoa-Barra, a Linha Amarela e o Alto da Boa Vista. Estas, por sua vez, tamb\u00e9m tiveram grandes problemas no tr\u00e2nsito, devido ao excesso de ve\u00edculos.<\/p>\n<p>&nbsp;<\/p>\n","protected":false},"excerpt":{"rendered":"<p>O Comando Conjunto das For\u00e7as Armadas divulgou, no in\u00edcio desta noite, o balan\u00e7o da opera\u00e7\u00e3o realizada hoje (27) no Complexo de Favelas do Lins de Vasconcelos, zona norte do Rio. Ao todo, 24 pessoas foram presas, e cumpridos 16 mandados de pris\u00e3o e feitos oito flagrantes por tr\u00e1fico e porte ilegal de arma. Na opera\u00e7\u00e3o, &hellip;<\/p>\n","protected":false},"author":2,"featured_media":31926,"comment_status":"open","ping_status":"open","sticky":false,"template":"","format":"standard","meta":{"footnotes":""},"categories":[19,4],"tags":[],"class_list":["post-31841","post","type-post","status-publish","format-standard","has-post-thumbnail","hentry","category-manchete","category-ultimas-noticias"],"_links":{"self":[{"href":"https:\/\/goiasemtempo.com.br\/home\/wp-json\/wp\/v2\/posts\/31841","targetHints":{"allow":["GET"]}}],"collection":[{"href":"https:\/\/goiasemtempo.com.br\/home\/wp-json\/wp\/v2\/posts"}],"about":[{"href":"https:\/\/goiasemtempo.com.br\/home\/wp-json\/wp\/v2\/types\/post"}],"author":[{"embeddable":true,"href":"https:\/\/goiasemtempo.com.br\/home\/wp-json\/wp\/v2\/users\/2"}],"replies":[{"embeddable":true,"href":"https:\/\/goiasemtempo.com.br\/home\/wp-json\/wp\/v2\/comments?post=31841"}],"version-history":[{"count":3,"href":"https:\/\/goiasemtempo.com.br\/home\/wp-json\/wp\/v2\/posts\/31841\/revisions"}],"predecessor-version":[{"id":31927,"href":"https:\/\/goiasemtempo.com.br\/home\/wp-json\/wp\/v2\/posts\/31841\/revisions\/31927"}],"wp:featuredmedia":[{"embeddable":true,"href":"https:\/\/goiasemtempo.com.br\/home\/wp-json\/wp\/v2\/media\/31926"}],"wp:attachment":[{"href":"https:\/\/goiasemtempo.com.br\/home\/wp-json\/wp\/v2\/media?parent=31841"}],"wp:term":[{"taxonomy":"category","embeddable":true,"href":"https:\/\/goiasemtempo.com.br\/home\/wp-json\/wp\/v2\/categories?post=31841"},{"taxonomy":"post_tag","embeddable":true,"href":"https:\/\/goiasemtempo.com.br\/home\/wp-json\/wp\/v2\/tags?post=31841"}],"curies":[{"name":"wp","href":"https:\/\/api.w.org\/{rel}","templated":true}]}}