{"id":3183,"date":"2017-12-23T20:43:04","date_gmt":"2017-12-23T20:43:04","guid":{"rendered":"http:\/\/goiasemtempo.com.br\/home\/?p=3183"},"modified":"2017-12-23T20:43:04","modified_gmt":"2017-12-23T20:43:04","slug":"cranio-de-menino-neandertal-cresceu-como-o-das-criancas-modernas","status":"publish","type":"post","link":"https:\/\/goiasemtempo.com.br\/home\/cranio-de-menino-neandertal-cresceu-como-o-das-criancas-modernas\/","title":{"rendered":"Cr\u00e2nio de menino neandertal cresceu como o das crian\u00e7as modernas"},"content":{"rendered":"<p>A primeira an\u00e1lise do cr\u00e2nio de um menino de Neandertal descoberto na Espanha sugere que ele cresceu de forma parecida \u00e0 de uma crian\u00e7a moderna, mais um sinal de que nossos extintos ancestrais eram similares a n\u00f3s, disseram pesquisadores nesta quinta-feira.<\/p>\n<p>A incomum descoberta de parte de um esqueleto de crian\u00e7a ocorreu no s\u00edtio arqueol\u00f3gico El Sidr\u00f3n, de 49.000 anos de antiguidade.<\/p>\n<p>O menino de sete anos e sete meses, batizado de El Sidr\u00f3n J1 segundo a revista americana Science, \u00e9 o primeiro neandertal juvenil estudado na zona.<\/p>\n<p>O que vemos neste neandertal \u00e9 que o padr\u00e3o geral de crescimento \u00e9 muito similar ao dos humanos modernos, disse o coautor do estudo Luis R\u00edos, membro do Grupo de Paleoantropologia do Museu Nacional de Ci\u00eancias Naturais, durante uma confer\u00eancia telef\u00f4nica com jornalistas.<\/p>\n<p>Este exemplar ainda estava em crescimento quando morreu, e seu c\u00e9rebro tinha aproximadamente 87,5% do tamanho de um c\u00e9rebro de neandertal adulto m\u00e9dio, indicou o estudo.<\/p>\n<p>Em compara\u00e7\u00e3o, o peso do c\u00e9rebro de uma crian\u00e7a moderna dessa idade \u00e9 cerca de 95% do de um adulto, acrescentou.<\/p>\n<p>&#8211; Fase de crescimento mais longa &#8211;<\/p>\n<p>Adam Van Arsdale, professor de antropologia em Wellesley College, descreveu as diferen\u00e7as entre os neandertais e os humanos como sutis.<\/p>\n<p>O estudo \u00e9 uma contribui\u00e7\u00e3o importante \u00e0 nossa compreens\u00e3o da evolu\u00e7\u00e3o humana e consistente com uma ampla quantidade de estudos que demonstram as semelhan\u00e7as entre os neandertais e os humanos atuais, disse \u00e0 AFP.<\/p>\n<p>A pesquisa tamb\u00e9m lan\u00e7a nova luz sobre a hist\u00f3ria do desenvolvimento humano. Os neandertais evolu\u00edram no oeste da Eur\u00e1sia, separadamente dos humanos, que emergiram da \u00c1frica, mas tinham muito em comum com eles.<\/p>\n<p>Os neandertais faziam arte, praticavam rituais, enterravam seus mortos e se relacionavam com humanos modernos antes de serem extintos, h\u00e1 cerca de 35.000 anos.<\/p>\n<p>Sabe-se que tinham cr\u00e2nios muito maiores que as pessoas de hoje, e possivelmente c\u00e9rebros mais volumosos, embora isso n\u00e3o os tornasse necessariamente mais inteligentes.<\/p>\n<p>A explica\u00e7\u00e3o para esse fen\u00f4meno ainda n\u00e3o est\u00e1 clara. Uma teoria \u00e9 que eles cresciam mais r\u00e1pido; as crian\u00e7as de neandertal atingiam o tamanho adulto antes que o humano moderno. Os estudos que apontam nessa dire\u00e7\u00e3o se basearam principalmente em pistas dentais.<\/p>\n<p>A pesquisa mais recente se baseia em um exemplar mais completo. O esqueleto de crian\u00e7a encontrado em El Sidr\u00f3n continha 36% de seu lado esquerdo e partes do cr\u00e2nio junto com dentes de leite e definitivos.<\/p>\n<p>Depois de estudar seus restos, os pesquisadores conclu\u00edram que os neandertais cresciam durante um per\u00edodo de tempo mais longo, e n\u00e3o mais rapidamente.<\/p>\n<p>&#8211; Morte misteriosa &#8211;<\/p>\n<p>A forma como o menino de neandertal morreu \u00e9 um mist\u00e9rio. Os cientistas n\u00e3o encontraram evid\u00eancias de doen\u00e7as, e o descreveram como robusto, com um peso de 26 kg e 1,11 metro de altura.<\/p>\n<p>Mas seus ossos continham marcas similares aos de outros restos na caverna, o que indica a pr\u00e1tica de canibalismo, sugerem outros estudos.<\/p>\n<p>Os pesquisadores tamb\u00e9m admitiram que h\u00e1 limites ao que se pode inferir sobre os aspectos sociais e o desenvolvimento na inf\u00e2ncia de um neandertal a partir desse estudo. Temos que ser muito cautelosos porque estudamos apenas um esqueleto, disse R\u00edos.<\/p>\n<p>Milford Wolpoff, professor de antropologia da Universidade de Michigan, questionou a compara\u00e7\u00e3o com os seres humanos modernos, j\u00e1 que diferentes taxas de crescimento do c\u00e9rebro s\u00e3o comuns atrav\u00e9s de v\u00e1rias pessoas e per\u00edodos de tempo.<\/p>\n<p>O crescimento cerebral do neandertal pode ou n\u00e3o ser como em qualquer popula\u00e7\u00e3o humana, mas certamente parece encaixar dentro da faixa humana normal, opinou.<\/p>\n","protected":false},"excerpt":{"rendered":"<p>A primeira an\u00e1lise do cr\u00e2nio de um menino de Neandertal descoberto na Espanha sugere que ele cresceu de forma parecida \u00e0 de uma crian\u00e7a moderna, mais um sinal de que nossos extintos ancestrais eram similares a n\u00f3s, disseram pesquisadores nesta quinta-feira. A incomum descoberta de parte de um esqueleto de crian\u00e7a ocorreu no s\u00edtio arqueol\u00f3gico &hellip;<\/p>\n","protected":false},"author":2,"featured_media":978,"comment_status":"open","ping_status":"open","sticky":false,"template":"","format":"standard","meta":{"footnotes":""},"categories":[4],"tags":[],"class_list":["post-3183","post","type-post","status-publish","format-standard","has-post-thumbnail","hentry","category-ultimas-noticias"],"_links":{"self":[{"href":"https:\/\/goiasemtempo.com.br\/home\/wp-json\/wp\/v2\/posts\/3183","targetHints":{"allow":["GET"]}}],"collection":[{"href":"https:\/\/goiasemtempo.com.br\/home\/wp-json\/wp\/v2\/posts"}],"about":[{"href":"https:\/\/goiasemtempo.com.br\/home\/wp-json\/wp\/v2\/types\/post"}],"author":[{"embeddable":true,"href":"https:\/\/goiasemtempo.com.br\/home\/wp-json\/wp\/v2\/users\/2"}],"replies":[{"embeddable":true,"href":"https:\/\/goiasemtempo.com.br\/home\/wp-json\/wp\/v2\/comments?post=3183"}],"version-history":[{"count":1,"href":"https:\/\/goiasemtempo.com.br\/home\/wp-json\/wp\/v2\/posts\/3183\/revisions"}],"predecessor-version":[{"id":3184,"href":"https:\/\/goiasemtempo.com.br\/home\/wp-json\/wp\/v2\/posts\/3183\/revisions\/3184"}],"wp:featuredmedia":[{"embeddable":true,"href":"https:\/\/goiasemtempo.com.br\/home\/wp-json\/wp\/v2\/media\/978"}],"wp:attachment":[{"href":"https:\/\/goiasemtempo.com.br\/home\/wp-json\/wp\/v2\/media?parent=3183"}],"wp:term":[{"taxonomy":"category","embeddable":true,"href":"https:\/\/goiasemtempo.com.br\/home\/wp-json\/wp\/v2\/categories?post=3183"},{"taxonomy":"post_tag","embeddable":true,"href":"https:\/\/goiasemtempo.com.br\/home\/wp-json\/wp\/v2\/tags?post=3183"}],"curies":[{"name":"wp","href":"https:\/\/api.w.org\/{rel}","templated":true}]}}