{"id":31790,"date":"2018-03-26T12:56:22","date_gmt":"2018-03-26T12:56:22","guid":{"rendered":"https:\/\/goiasemtempo.com.br\/home\/?p=31790"},"modified":"2018-03-26T12:56:22","modified_gmt":"2018-03-26T12:56:22","slug":"novos-rostos-mesmas-politicas-o-que-se-espera-do-novo-presidente-do-peru","status":"publish","type":"post","link":"https:\/\/goiasemtempo.com.br\/home\/novos-rostos-mesmas-politicas-o-que-se-espera-do-novo-presidente-do-peru\/","title":{"rendered":"Novos rostos, mesmas pol\u00edticas: o que se espera do novo presidente do Peru"},"content":{"rendered":"<p>O novo presidente do Peru, Mart\u00edn Vizcarra, j\u00e1 anunciou que governar\u00e1 com um gabinete ministerial totalmente renovado: vai-se cercar de novos rostos, embora se espere que mantenha o modelo econ\u00f4mico neoliberal e as linhas gerais da Pol\u00edtica Externa de seu antecessor Pedro Pablo Kuczynski.<\/p>\n<p>Seu principal desafio ser\u00e1 o mesmo de Kucyzynski e se concentra na rela\u00e7\u00e3o com um Congresso dominado pela oposi\u00e7\u00e3o.<\/p>\n<p>Engenheiro de 55 anos sem filia\u00e7\u00e3o partid\u00e1ria, ex-embaixador no Canad\u00e1 e ex-governador da regi\u00e3o de Moquegua, ao sul, Vizcarra assumiu a Presid\u00eancia na sexta-feira (23) para completar o mandato de Kuczynski, at\u00e9 julho de 2021.<\/p>\n<p>Existe consenso de que, na economia, n\u00e3o haver\u00e1 grandes diferen\u00e7as em rela\u00e7\u00e3o a Kuczynski, ex-banqueiro de Wall Street de 79 anos que renunciou na quarta-feira (21), arrastado por esc\u00e2ndalos de corrup\u00e7\u00e3o.<\/p>\n<p>Em geral, n\u00e3o h\u00e1 qualquer diferen\u00e7a entre ambos. Os dois privilegiam sua abordagem em uma economia de investimento privado, disse \u00e0 AFP o analista pol\u00edtico Augusto \u00c1lvarez.<\/p>\n<p>Talvez Vizcarra mostre maior preocupa\u00e7\u00e3o com as regi\u00f5es do interior do pa\u00eds, onde queria acelerar investimentos, completou.<\/p>\n<p>Em rela\u00e7\u00e3o \u00e0 Pol\u00edtica Externa, que se caracterizou por uma defesa do sistema multilateral, cr\u00edticas ao protecionismo comercial de Donald Trump e por uma ativa rejei\u00e7\u00e3o ao governo chavista da Venezuela, tampouco se vislumbram mudan\u00e7as.<\/p>\n<p>Vizcarra manter\u00e1 as grandes linhas que marcaram a diplomacia peruana durante os 20 meses de governo de Kuczynski, resumiu \u00c1lvarez.<\/p>\n<p>Em sua mensagem de posse na sexta, o novo presidente disse que seu governo vai manter o que se fez bem, modificar o que pode ser melhorado e fazer o que n\u00e3o se fez.<\/p>\n<p>&#8211; Novo gabinete &#8211;<\/p>\n<p>Ser\u00e1 preciso esperar mais alguns dias at\u00e9 conhecer seu gabinete ministerial para ter certeza da dire\u00e7\u00e3o que o novo governo deve tomar.<\/p>\n<p>Por enquanto, o presidente anunciou que renovar\u00e1 todo gabinete em um prazo bem breve &#8211; em cerca de dez dias, diz uma fonte pr\u00f3xima.<\/p>\n<p>Isso implica a sa\u00edda da primeira-ministra de Kuczynski, Mercedes Ar\u00e1oz, com quem Vizcarra mantinha uma rela\u00e7\u00e3o tensa, embora ela continue a ser a vice-presidente do Peru (sem qualquer fun\u00e7\u00e3o pr\u00e1tica).<\/p>\n<p>N\u00e3o haver\u00e1 grandes mudan\u00e7as, nem sobressaltos. O que vai mudar \u00e9 o pessoal que o acompanha: no caso de Kuczynski eram seus amigos em um gabinete tecnocr\u00e1tico empresarial, disse \u00e0 AFP o analista pol\u00edtico Juan de la Puente.<\/p>\n<p>\u00c9 prov\u00e1vel que (agora) vejamos gente com mais experi\u00eancia pol\u00edtica de diversos setores, acrescentou.<\/p>\n<p>Vizcarra n\u00e3o \u00e9 um homem de bancos, nem de empresas. \u00c9 um engenheiro de origem regional substancialmente distinto de Kuczynski. Essa diferen\u00e7a vai-lhe permitir construir um governo mais plebeu no sentido social, ressaltou De la Puente.<\/p>\n<p>&#8211; Consciente de sua fragilidade &#8211;<\/p>\n<p>Vizcarra dever\u00e1 afinar seus conhecimentos de Engenharia para estender pontes para o Congresso, que manteve press\u00e3o sobre Kuczynski desde que assumiu.<\/p>\n<p>Tamb\u00e9m tem de lidar com a oposi\u00e7\u00e3o com mais cuidado, porque, caso contr\u00e1rio, ficar\u00e1 muito mal perante a opini\u00e3o p\u00fablica, disse \u00e0 AFP o analista Fernando Rospigliosi.<\/p>\n<p>Lembra-se que foi uma in\u00e9dita alian\u00e7a entre o partido populista de direita de Keiko Fujimori, For\u00e7a Popular, e os dois partidos de esquerda, o que levou Kuczynski ao colapso.<\/p>\n<p>Nesse contexto, o fato de Vizcarra n\u00e3o pertencer a nenhum partido \u00e9 visto por alguns como uma for\u00e7a e, para outros, como um ponto de fraqueza.<\/p>\n<p>N\u00e3o tem partido pol\u00edtico, tampouco o entorno social &#8211; tecnocracia limenha &#8211; que sustentava o governo de Kuczynski. Nesse sentido, diria que \u00e9 mais fr\u00e1gil ainda, opinou o analista pol\u00edtico Carlos Mel\u00e9ndez.<\/p>\n<p>Isso n\u00e3o significa que v\u00e1 cair, porque, diferentemente de Kuczysnki, Vizcarra \u00e9 mais consciente de sua fragilidade, explicou.<\/p>\n<p>Para o especialista, pelo menos ter\u00e1 uma lua de mel com o Congresso, o que Kuczynski n\u00e3o teve.<\/p>\n","protected":false},"excerpt":{"rendered":"<p>O novo presidente do Peru, Mart\u00edn Vizcarra, j\u00e1 anunciou que governar\u00e1 com um gabinete ministerial totalmente renovado: vai-se cercar de novos rostos, embora se espere que mantenha o modelo econ\u00f4mico neoliberal e as linhas gerais da Pol\u00edtica Externa de seu antecessor Pedro Pablo Kuczynski. Seu principal desafio ser\u00e1 o mesmo de Kucyzynski e se concentra &hellip;<\/p>\n","protected":false},"author":2,"featured_media":31436,"comment_status":"open","ping_status":"open","sticky":false,"template":"","format":"standard","meta":{"_exactmetrics_skip_tracking":false,"_exactmetrics_sitenote_active":false,"_exactmetrics_sitenote_note":"","_exactmetrics_sitenote_category":0,"footnotes":""},"categories":[4],"tags":[],"_links":{"self":[{"href":"https:\/\/goiasemtempo.com.br\/home\/wp-json\/wp\/v2\/posts\/31790"}],"collection":[{"href":"https:\/\/goiasemtempo.com.br\/home\/wp-json\/wp\/v2\/posts"}],"about":[{"href":"https:\/\/goiasemtempo.com.br\/home\/wp-json\/wp\/v2\/types\/post"}],"author":[{"embeddable":true,"href":"https:\/\/goiasemtempo.com.br\/home\/wp-json\/wp\/v2\/users\/2"}],"replies":[{"embeddable":true,"href":"https:\/\/goiasemtempo.com.br\/home\/wp-json\/wp\/v2\/comments?post=31790"}],"version-history":[{"count":1,"href":"https:\/\/goiasemtempo.com.br\/home\/wp-json\/wp\/v2\/posts\/31790\/revisions"}],"predecessor-version":[{"id":31791,"href":"https:\/\/goiasemtempo.com.br\/home\/wp-json\/wp\/v2\/posts\/31790\/revisions\/31791"}],"wp:featuredmedia":[{"embeddable":true,"href":"https:\/\/goiasemtempo.com.br\/home\/wp-json\/wp\/v2\/media\/31436"}],"wp:attachment":[{"href":"https:\/\/goiasemtempo.com.br\/home\/wp-json\/wp\/v2\/media?parent=31790"}],"wp:term":[{"taxonomy":"category","embeddable":true,"href":"https:\/\/goiasemtempo.com.br\/home\/wp-json\/wp\/v2\/categories?post=31790"},{"taxonomy":"post_tag","embeddable":true,"href":"https:\/\/goiasemtempo.com.br\/home\/wp-json\/wp\/v2\/tags?post=31790"}],"curies":[{"name":"wp","href":"https:\/\/api.w.org\/{rel}","templated":true}]}}