{"id":31788,"date":"2018-03-26T12:55:45","date_gmt":"2018-03-26T12:55:45","guid":{"rendered":"https:\/\/goiasemtempo.com.br\/home\/?p=31788"},"modified":"2018-03-26T12:55:45","modified_gmt":"2018-03-26T12:55:45","slug":"franca-sauda-policial-heroi-que-morreu-apos-ataque-islamita","status":"publish","type":"post","link":"https:\/\/goiasemtempo.com.br\/home\/franca-sauda-policial-heroi-que-morreu-apos-ataque-islamita\/","title":{"rendered":"Fran\u00e7a sa\u00fada policial her\u00f3i que morreu ap\u00f3s ataque islamita"},"content":{"rendered":"<p>O presidente franc\u00eas, Emmanuel Macron, homenageou o policial que se ofereceu como ref\u00e9m durante o ataque islamita e que faleceu neste s\u00e1bado (24), elevando para quatro o n\u00famero de \u00f3bitos.<\/p>\n<p>Na casa do agressor, abatido durante a opera\u00e7\u00e3o policial, os investigadores encontraram notas que faziam alus\u00e3o ao Estado Isl\u00e2mico, o grupo extremista que reivindicou o ataque ocorrido no sul da Fran\u00e7a, informou uma fonte judicial.<\/p>\n<p>Na manh\u00e3 deste s\u00e1bado o tenente-coronel Arnaud Beltrame, de 45 anos, casado, sem filhos, faleceu.<\/p>\n<p>Morreu como um her\u00f3i, saudou o presidente Macron.<\/p>\n<p>Demonstrou uma coragem e abnega\u00e7\u00e3o excepcionais, acrescentou o presidente, em um comunicado.<\/p>\n<p>Morto pela p\u00e1tria. A Fran\u00e7a jamais esquecer\u00e1 seu hero\u00edsmo, sua coragem, seu sacrif\u00edcio, tuitou pouco antes o ministro do Interior, G\u00e9rard Collomb.<\/p>\n<p>Para sua fam\u00edlia, o ato de sacrif\u00edcio do gendarme foi algo evidente, considerando seu car\u00e1ter. Havia me dito: fa\u00e7o meu trabalho, mam\u00e3e, isso \u00e9 tudo, explicou sua m\u00e3e \u00e0 r\u00e1dio RTL.<\/p>\n<p>Em tu\u00edte neste s\u00e1bado, o presidente americano, Donald Trump, solidarizou-se com as v\u00edtimas e condenou o ataque.<\/p>\n<p>Nossos pensamentos e ora\u00e7\u00f5es est\u00e3o com as v\u00edtimas desse horr\u00edvel ataque na Fran\u00e7a ontem, e manifestamos nosso pesar pelas perdas dessa na\u00e7\u00e3o, publicou Trump.<\/p>\n<p>Tamb\u00e9m condenamos as a\u00e7\u00f5es violentas do agressor e de qualquer um que tenha lhe dado apoio. Estamos com voc\u00ea @EmmanuelMacron!, acrescentou.<\/p>\n<p>&#8211; Soldado do EI &#8211;<\/p>\n<p>Os investigadores tentam agora compreender as raz\u00f5es do agressor, Radouane Lakdim, de 25 anos, apesar de n\u00e3o ter parecido uma amea\u00e7a aos olhos das autoridades.<\/p>\n<p>Antes de ser morto pelas for\u00e7as de seguran\u00e7a, apresentou-se como um soldado do EI.<\/p>\n<p>A opera\u00e7\u00e3o policial feita horas ap\u00f3s o ataque permitiu encontrar notas que fazem alus\u00e3o ao Estado Isl\u00e2mico e que parecem um testamento, assim como material digital, indicou a fonte judicial.<\/p>\n<p>O \u00faltimo ataque na Fran\u00e7a ocorreu h\u00e1 cinco meses e deixou dois mortos, em 1\u00ba de outubro, em uma esta\u00e7\u00e3o de trem em Marselha (sudeste). Este pa\u00eds j\u00e1 sofreu muitos atentados desde 2015, que deixaram no total 241 mortos e centenas de feridos.<\/p>\n<p>Hav\u00edamos seguido Radouane Lakdim e ach\u00e1vamos que n\u00e3o havia radicaliza\u00e7\u00e3o, mas passou \u00e0 a\u00e7\u00e3o de forma brusca, admitiu Collomb.<\/p>\n<p>O autor deste ataque, cometido em v\u00e1rias etapas entre as cidades de Carcassonne e Tr\u00e8bes, \u00e9 um franc\u00eas nascido no Marrocos (em Taza, norte) em 11 de abril de 1992. Morava em Carcassonne e, desde 2014, era seguido pelos Servi\u00e7os de Intelig\u00eancia. Estava fichado como S (por Seguran\u00e7a de Estado) por seus v\u00ednculos com os meios salafistas, segundo o procurador de Paris, Fran\u00e7ois Molins.<\/p>\n<p>Radouane Lakdim esteve na pris\u00e3o em 2016 por crimes do direito comum. Em sua sa\u00edda, voltou a ser vigiado, mas n\u00e3o mostrou sinais que pudessem antecipar um passo \u00e0 a\u00e7\u00e3o terrorista, assinalou Molins em coletiva de imprensa.<\/p>\n<p>O procurador tamb\u00e9m anunciou que uma mulher pr\u00f3xima ao agressor, com quem compartilhava sua vida, foi detida na sexta-feira.<\/p>\n<p>O agressor disse estar disposto a morrer pela S\u00edria e pediu durante os ataques a liberta\u00e7\u00e3o de seus irm\u00e3os. Uma fonte pr\u00f3xima \u00e0 investiga\u00e7\u00e3o indicou que Lakdim citou o nome de Salah Abdeslam, \u00fanico membro ainda vivo dos comandos que cometeram os ataques de 13 de novembro de 2015 em Paris (130 mortos). Abdeslam est\u00e1 preso na capital francesa.<\/p>\n<p>&#8211; Ataque em tr\u00eas etapas &#8211;<\/p>\n<p>Radouane Lakdim iniciou seu ataque na sexta-feira \u00e0s 10h locais (6h de Bras\u00edlia) com o roubo de um autom\u00f3vel em Carcassonne, matando o passageiro e ferindo o motorista.<\/p>\n<p>Um pouco mais longe, disparou e feriu levemente um policial que voltava de uma corrida com outros agentes perto de um batalh\u00e3o.<\/p>\n<p>Alguns minutos mais tarde, \u00e0s 11h15 locais, entrou no supermercado de Tr\u00e8bes &#8211; pr\u00f3ximo a Carcassonne &#8211; gritando Al\u00e1 \u00e9 grande, segundo o procurador Molins, e matou um funcion\u00e1rio e um cliente. No estabelecimento, havia cerca de 50 pessoas, segundo Molins.<\/p>\n<p>Vi um indiv\u00edduo muito exaltado que tinha uma pistola, uma faca e gritava Al\u00e1 \u00e9 grande, contou \u00e0 AFP Christian Guibbert, um ex-policial que fazia compras e conseguiu salvar v\u00e1rios clientes em uma c\u00e2mara frigor\u00edfica de a\u00e7ougueiro.<\/p>\n<p>Quando os gendarmes chegaram, o tenente-coronel Arnaud Beltrame se ofereceu como ref\u00e9m para conseguir libertar os civis.<\/p>\n<p>O gendarme deixou seu telefone aberto sobre uma mesa, o que permitiu a seus colegas ouvir o que acontecia dentro do local.<\/p>\n<p>\u00c0s 14h20, Radouane Lakdim disparou contra o gendarme, ferindo-o em duas ocasi\u00f5es. Foi ent\u00e3o que as for\u00e7as especiais intervieram. Durante a opera\u00e7\u00e3o, mais dois gendarmes ficaram feridos.<\/p>\n<p>&#8211; Em alerta &#8211;<\/p>\n<p>A Fran\u00e7a continua em alerta depois de uma s\u00e9rie de atentados, desde o ataque contra a sede do seman\u00e1rio sat\u00edrico Charlie Hebdo em janeiro de 2015 e que deixou 12 mortos.<\/p>\n<p>As autoridades temem novos atentados, apesar do aumento das medidas de seguran\u00e7a instauradas pelo governo, cujo sinal mais vis\u00edvel \u00e9 a mobiliza\u00e7\u00e3o de 10 mil militares em ruas, esta\u00e7\u00f5es e locais tur\u00edsticos.<\/p>\n","protected":false},"excerpt":{"rendered":"<p>O presidente franc\u00eas, Emmanuel Macron, homenageou o policial que se ofereceu como ref\u00e9m durante o ataque islamita e que faleceu neste s\u00e1bado (24), elevando para quatro o n\u00famero de \u00f3bitos. Na casa do agressor, abatido durante a opera\u00e7\u00e3o policial, os investigadores encontraram notas que faziam alus\u00e3o ao Estado Isl\u00e2mico, o grupo extremista que reivindicou o &hellip;<\/p>\n","protected":false},"author":2,"featured_media":31435,"comment_status":"open","ping_status":"open","sticky":false,"template":"","format":"standard","meta":{"_exactmetrics_skip_tracking":false,"_exactmetrics_sitenote_active":false,"_exactmetrics_sitenote_note":"","_exactmetrics_sitenote_category":0,"footnotes":""},"categories":[4],"tags":[],"_links":{"self":[{"href":"https:\/\/goiasemtempo.com.br\/home\/wp-json\/wp\/v2\/posts\/31788"}],"collection":[{"href":"https:\/\/goiasemtempo.com.br\/home\/wp-json\/wp\/v2\/posts"}],"about":[{"href":"https:\/\/goiasemtempo.com.br\/home\/wp-json\/wp\/v2\/types\/post"}],"author":[{"embeddable":true,"href":"https:\/\/goiasemtempo.com.br\/home\/wp-json\/wp\/v2\/users\/2"}],"replies":[{"embeddable":true,"href":"https:\/\/goiasemtempo.com.br\/home\/wp-json\/wp\/v2\/comments?post=31788"}],"version-history":[{"count":1,"href":"https:\/\/goiasemtempo.com.br\/home\/wp-json\/wp\/v2\/posts\/31788\/revisions"}],"predecessor-version":[{"id":31789,"href":"https:\/\/goiasemtempo.com.br\/home\/wp-json\/wp\/v2\/posts\/31788\/revisions\/31789"}],"wp:featuredmedia":[{"embeddable":true,"href":"https:\/\/goiasemtempo.com.br\/home\/wp-json\/wp\/v2\/media\/31435"}],"wp:attachment":[{"href":"https:\/\/goiasemtempo.com.br\/home\/wp-json\/wp\/v2\/media?parent=31788"}],"wp:term":[{"taxonomy":"category","embeddable":true,"href":"https:\/\/goiasemtempo.com.br\/home\/wp-json\/wp\/v2\/categories?post=31788"},{"taxonomy":"post_tag","embeddable":true,"href":"https:\/\/goiasemtempo.com.br\/home\/wp-json\/wp\/v2\/tags?post=31788"}],"curies":[{"name":"wp","href":"https:\/\/api.w.org\/{rel}","templated":true}]}}