{"id":31754,"date":"2018-03-26T12:45:18","date_gmt":"2018-03-26T12:45:18","guid":{"rendered":"https:\/\/goiasemtempo.com.br\/home\/?p=31754"},"modified":"2018-03-26T12:45:18","modified_gmt":"2018-03-26T12:45:18","slug":"temer-diz-que-seria-covardia-nao-disputar-eleicao-presidencial","status":"publish","type":"post","link":"https:\/\/goiasemtempo.com.br\/home\/temer-diz-que-seria-covardia-nao-disputar-eleicao-presidencial\/","title":{"rendered":"Temer diz que seria covardia n\u00e3o disputar elei\u00e7\u00e3o presidencial"},"content":{"rendered":"<p>O presidente Michel Temer avalia que seria uma covardia n\u00e3o disputar a elei\u00e7\u00e3o para a presid\u00eancia do Brasil em outubro pr\u00f3ximo, diante da necessidade de se mostrar o que est\u00e1 sendo feito pelo governo.<\/p>\n<p>Em entrevista \u00e0 revista Isto\u00c9 publicada nesta sexta-feira, Temer afirmou que tem orgulho da sua administra\u00e7\u00e3o e estimou que seria uma covardia n\u00e3o ser candidato, porque se eu tivesse feito um governo destrutivo para o pa\u00eds eu mesmo refletiria que n\u00e3o d\u00e1 para continuar.<\/p>\n<p>Segundo Temer (MDB), que assumiu ap\u00f3s o impeachment de Dilma Roussef, seu governo recuperou um pa\u00eds que estava quebrado, literalmente quebrado, e me orgulho do que fiz.<\/p>\n<p>O presidente revelou que a ideia de se candidatar surgiu h\u00e1 um m\u00eas e meio, pelo medo de n\u00e3o haver candidatos que defendam seu governo.<\/p>\n<p>Esper\u00e1vamos no in\u00edcio que algu\u00e9m fosse o candidato do governo com essa miss\u00e3o de defender o governo. Mas se ningu\u00e9m vai defender o governo, dar continuidade ao que fizemos no governo, eu mesmo fa\u00e7o, declarou.<\/p>\n<p>O presidente, que tem apenas 6% de aprova\u00e7\u00e3o (segundo pesquisa Datafolha), avalia que sua popularidade vai aumentar quando a popula\u00e7\u00e3o relacionar as realiza\u00e7\u00f5es do governo \u00e0 sua pessoa.<\/p>\n<p>\u00c9 preciso divulgar mais o que tem sido feito. A popula\u00e7\u00e3o reconhece o que est\u00e1 sendo feito, mas ainda n\u00e3o h\u00e1 uma conex\u00e3o com a minha figura. Preciso conectar o que foi feito, o que foi aplaudido, o que foi elogiado, \u00e0 minha figura. Em todas as \u00e1reas, o que foi feito depende da minha atua\u00e7\u00e3o.<\/p>\n","protected":false},"excerpt":{"rendered":"<p>O presidente Michel Temer avalia que seria uma covardia n\u00e3o disputar a elei\u00e7\u00e3o para a presid\u00eancia do Brasil em outubro pr\u00f3ximo, diante da necessidade de se mostrar o que est\u00e1 sendo feito pelo governo. Em entrevista \u00e0 revista Isto\u00c9 publicada nesta sexta-feira, Temer afirmou que tem orgulho da sua administra\u00e7\u00e3o e estimou que seria uma &hellip;<\/p>\n","protected":false},"author":2,"featured_media":31419,"comment_status":"open","ping_status":"open","sticky":false,"template":"","format":"standard","meta":{"footnotes":""},"categories":[4],"tags":[],"class_list":["post-31754","post","type-post","status-publish","format-standard","has-post-thumbnail","hentry","category-ultimas-noticias"],"_links":{"self":[{"href":"https:\/\/goiasemtempo.com.br\/home\/wp-json\/wp\/v2\/posts\/31754","targetHints":{"allow":["GET"]}}],"collection":[{"href":"https:\/\/goiasemtempo.com.br\/home\/wp-json\/wp\/v2\/posts"}],"about":[{"href":"https:\/\/goiasemtempo.com.br\/home\/wp-json\/wp\/v2\/types\/post"}],"author":[{"embeddable":true,"href":"https:\/\/goiasemtempo.com.br\/home\/wp-json\/wp\/v2\/users\/2"}],"replies":[{"embeddable":true,"href":"https:\/\/goiasemtempo.com.br\/home\/wp-json\/wp\/v2\/comments?post=31754"}],"version-history":[{"count":1,"href":"https:\/\/goiasemtempo.com.br\/home\/wp-json\/wp\/v2\/posts\/31754\/revisions"}],"predecessor-version":[{"id":31755,"href":"https:\/\/goiasemtempo.com.br\/home\/wp-json\/wp\/v2\/posts\/31754\/revisions\/31755"}],"wp:featuredmedia":[{"embeddable":true,"href":"https:\/\/goiasemtempo.com.br\/home\/wp-json\/wp\/v2\/media\/31419"}],"wp:attachment":[{"href":"https:\/\/goiasemtempo.com.br\/home\/wp-json\/wp\/v2\/media?parent=31754"}],"wp:term":[{"taxonomy":"category","embeddable":true,"href":"https:\/\/goiasemtempo.com.br\/home\/wp-json\/wp\/v2\/categories?post=31754"},{"taxonomy":"post_tag","embeddable":true,"href":"https:\/\/goiasemtempo.com.br\/home\/wp-json\/wp\/v2\/tags?post=31754"}],"curies":[{"name":"wp","href":"https:\/\/api.w.org\/{rel}","templated":true}]}}