{"id":31744,"date":"2018-03-26T12:42:02","date_gmt":"2018-03-26T12:42:02","guid":{"rendered":"https:\/\/goiasemtempo.com.br\/home\/?p=31744"},"modified":"2018-03-26T12:42:02","modified_gmt":"2018-03-26T12:42:02","slug":"funeral-de-stephen-hawking-sera-em-31-de-marco-em-cambridge","status":"publish","type":"post","link":"https:\/\/goiasemtempo.com.br\/home\/funeral-de-stephen-hawking-sera-em-31-de-marco-em-cambridge\/","title":{"rendered":"Funeral de Stephen Hawking ser\u00e1 em 31 de mar\u00e7o em Cambridge"},"content":{"rendered":"<p>O funeral do astrof\u00edsico brit\u00e2nico Stephen Hawking, falecido na semana passada, aos 76 anos, ser\u00e1 no s\u00e1bado, 31 de mar\u00e7o, na igreja da Universidade brit\u00e2nica de Cambridge &#8211; anunciaram seus filhos nesta ter\u00e7a-feira (20).<\/p>\n<p>Suas cinzas ser\u00e3o enterradas ao lado do grande f\u00edsico Isaac Newton na abadia de Westminster, onde repousam as maiores personalidades brit\u00e2nicas.<\/p>\n<p>A igreja Great St. Mary\u2019s, a principal da famosa universidade do leste da Inglaterra, est\u00e1 localizada pr\u00f3xima de Gonville e Caius, a faculdade de Cambridge onde Hawking lecionou por 52 anos.<\/p>\n<p>Fam\u00edlia, amigos e colegas est\u00e3o convidados para este servi\u00e7o privado, diz a declara\u00e7\u00e3o de seus filhos, Lucy, Robert e Tim, que explicaram a escolha de Cambridge, porque foi a cidade que ele tanto amou e que o amava tanto.<\/p>\n<p>A vida e o trabalho do nosso pai significaram muitas coisas para muitas pessoas, religiosas e n\u00e3o religiosas, e \u00e9 por isso que o servi\u00e7o ser\u00e1 inclusivo e tradicional, refletindo a amplitude e a diversidade de sua vida, acrescentaram.<\/p>\n<p>\u00c9 absolutamente apropriado que os restos do professor Stephen Hawking sejam enterrados na abadia, perto de seus distinguidos colegas cientistas, declarou, por sua vez, o decano de Westminster, o reverendo John Hall, em outro comunicado.<\/p>\n<p>Isaac Newton, que descobriu a lei da gravidade, foi enterrado no grande templo londrino em 1727. Charles Darwin, pai da teoria da evolu\u00e7\u00e3o, foi sepultado atr\u00e1s de Newton em 1882.<\/p>\n<p>A \u00faltima grande personalidade a ser enterrada na abadia foi o ator Laurence Olivier, em 1989. Os \u00faltimos cientistas que entraram no pante\u00e3o foram os f\u00edsico at\u00f4micos Ernest Rutherford, em 1937, e Joseph John Thomson, em 1940.<\/p>\n<p>Acreditamos ser vital que a ci\u00eancia e a religi\u00e3o trabalhem juntas para responder \u00e0s grandes quest\u00f5es sobre o mist\u00e9rio da vida e do universo, afirmou o reverendo Hall.<\/p>\n<p>Milhares de pessoas visitaram a faculdade de Gonville &#038; Caius desde a morte do cientista para assinar o livro de condol\u00eancias.<\/p>\n<p>Hawking morreu enquanto dormia em 14 de mar\u00e7o em Cambridge, depois que sua sa\u00fade se deteriorou nos \u00faltimos meses.<\/p>\n","protected":false},"excerpt":{"rendered":"<p>O funeral do astrof\u00edsico brit\u00e2nico Stephen Hawking, falecido na semana passada, aos 76 anos, ser\u00e1 no s\u00e1bado, 31 de mar\u00e7o, na igreja da Universidade brit\u00e2nica de Cambridge &#8211; anunciaram seus filhos nesta ter\u00e7a-feira (20). Suas cinzas ser\u00e3o enterradas ao lado do grande f\u00edsico Isaac Newton na abadia de Westminster, onde repousam as maiores personalidades brit\u00e2nicas. &hellip;<\/p>\n","protected":false},"author":2,"featured_media":31414,"comment_status":"open","ping_status":"open","sticky":false,"template":"","format":"standard","meta":{"_exactmetrics_skip_tracking":false,"_exactmetrics_sitenote_active":false,"_exactmetrics_sitenote_note":"","_exactmetrics_sitenote_category":0,"footnotes":""},"categories":[4],"tags":[],"_links":{"self":[{"href":"https:\/\/goiasemtempo.com.br\/home\/wp-json\/wp\/v2\/posts\/31744"}],"collection":[{"href":"https:\/\/goiasemtempo.com.br\/home\/wp-json\/wp\/v2\/posts"}],"about":[{"href":"https:\/\/goiasemtempo.com.br\/home\/wp-json\/wp\/v2\/types\/post"}],"author":[{"embeddable":true,"href":"https:\/\/goiasemtempo.com.br\/home\/wp-json\/wp\/v2\/users\/2"}],"replies":[{"embeddable":true,"href":"https:\/\/goiasemtempo.com.br\/home\/wp-json\/wp\/v2\/comments?post=31744"}],"version-history":[{"count":1,"href":"https:\/\/goiasemtempo.com.br\/home\/wp-json\/wp\/v2\/posts\/31744\/revisions"}],"predecessor-version":[{"id":31745,"href":"https:\/\/goiasemtempo.com.br\/home\/wp-json\/wp\/v2\/posts\/31744\/revisions\/31745"}],"wp:featuredmedia":[{"embeddable":true,"href":"https:\/\/goiasemtempo.com.br\/home\/wp-json\/wp\/v2\/media\/31414"}],"wp:attachment":[{"href":"https:\/\/goiasemtempo.com.br\/home\/wp-json\/wp\/v2\/media?parent=31744"}],"wp:term":[{"taxonomy":"category","embeddable":true,"href":"https:\/\/goiasemtempo.com.br\/home\/wp-json\/wp\/v2\/categories?post=31744"},{"taxonomy":"post_tag","embeddable":true,"href":"https:\/\/goiasemtempo.com.br\/home\/wp-json\/wp\/v2\/tags?post=31744"}],"curies":[{"name":"wp","href":"https:\/\/api.w.org\/{rel}","templated":true}]}}