{"id":31732,"date":"2018-03-26T12:38:10","date_gmt":"2018-03-26T12:38:10","guid":{"rendered":"https:\/\/goiasemtempo.com.br\/home\/?p=31732"},"modified":"2018-03-26T12:38:10","modified_gmt":"2018-03-26T12:38:10","slug":"aborto-e-religiao-voltam-ao-supremo-dos-eua","status":"publish","type":"post","link":"https:\/\/goiasemtempo.com.br\/home\/aborto-e-religiao-voltam-ao-supremo-dos-eua\/","title":{"rendered":"Aborto e religi\u00e3o voltam ao Supremo dos EUA"},"content":{"rendered":"<p>Os centros de crise da gravidez foram objeto de um sens\u00edvel debate nesta ter\u00e7a-feira na Suprema Corte dos Estados Unidos, marcado pela press\u00e3o de grupos crist\u00e3os e conservadores.<\/p>\n<p>Neste centros distribu\u00eddos por todo os Estados Unidos, as mulheres encontram assist\u00eancia, exames e at\u00e9 cartilhas sobre a gravidez, mas h\u00e1 algo que n\u00e3o conseguir\u00e3o: informa\u00e7\u00f5es sobre como abortar.<\/p>\n<p>O caso debatido no Supremo envolve uma lei da Calif\u00f3rnia que exige que tais centros, contr\u00e1rios ao aborto, informem a suas clientes gr\u00e1vidas que t\u00eam a op\u00e7\u00e3o de abortar e de acesso a m\u00e9todos anticonceptivos gratuitos em outras institui\u00e7\u00f5es, subsidiadas pelo estado.<\/p>\n<p>A lei tamb\u00e9m obriga estes centros de acolhimento a informar claramente se est\u00e3o autorizados a praticar medicina.<\/p>\n<p>Os ativistas Pr\u00f3-Vida, opostos ao aborto, consideram que a lei de 2015, de inspira\u00e7\u00e3o democrata, viola sua liberdade de consci\u00eancia, protegida pela primeira emenda da Constitui\u00e7\u00e3o.<\/p>\n<p>O direito fundamental ao aborto se tornou mais fundamental que o direito \u00e0 liberdade de express\u00e3o, denunciaram os advogados da organiza\u00e7\u00e3o antiaborto Liberty Counsel.<\/p>\n<p>Mas o primeiro foi considerado fundamental h\u00e1 45 anos e o segundo est\u00e1 estabelecido constitucionalmente h\u00e1 227 anos, acrescentaram os advogados em refer\u00eancia ao caso Roe x Wade, que levou \u00e0 legaliza\u00e7\u00e3o do aborto em 1973 em todos os Estados Unidos, e \u00e0 Declara\u00e7\u00e3o dos Direitos de 1791.<\/p>\n<p>Apenas na Calif\u00f3rnia, h\u00e1 centenas de centros de crise da gravidez administrados por crist\u00e3os conservadores.<\/p>\n<p>Conhecidos em alguns casos como falsas cl\u00ednicas, estes centros t\u00eam sido acusados \u200b\u200bde atrair as mulheres fazendo-as acreditar que receber\u00e3o assist\u00eancia m\u00e9dica, incluindo para um aborto.<\/p>\n<p>Mas sob a desculpa de assistir e aconselhar mulheres que n\u00e3o desejam engravidar ou querem abortar, os membros destes centros tentam convenc\u00ea-las a ter o filho.<\/p>\n<p>Estes falsos centros de sa\u00fade n\u00e3o podem funcionar sem recorrer \u00e0 mentira e ao engano para atrair as mulheres, comentou diante do pr\u00e9dio do Supremo Ilyse Hogue, presidente do NARAL, associa\u00e7\u00e3o que luta contra as restri\u00e7\u00f5es ao direito ao aborto.<\/p>\n<p>Durante os debates desta ter\u00e7a-feira, v\u00e1rios ju\u00edzes da maioria conservadora do Supremo questionaram a constitucionalidade da lei da Calif\u00f3rnia.<\/p>\n<p>Se voc\u00ea deseja informar os direitos a certo segmento da popula\u00e7\u00e3o, \u00e9 bastante estranho exigir que um estranho o fa\u00e7a, disse Neil Gorsuch, um juiz nomeado por Donald Trump.<\/p>\n<p>O progressista Stephen Breyer recordou que alguns Estados republicanos exigem que os m\u00e9dicos informem \u00e0s mulheres que querem abortar que podem ter a crian\u00e7a e entreg\u00e1-la para a ado\u00e7\u00e3o.<\/p>\n<p>Ent\u00e3o, por que um Estado favor\u00e1vel (ao direito ao aborto) n\u00e3o deveria exigir de um m\u00e9dico ou um centro que informem ao p\u00fablico sobre o aborto?! &#8211; questionou.<\/p>\n<p>A decis\u00e3o final adotada pelo Supremo certamente ter\u00e1 repercuss\u00f5es al\u00e9m das fronteiras da Calif\u00f3rnia, em um momento que avan\u00e7a a causa contra o aborto com Donald Trump na Casa Branca.<\/p>\n<p>Os nove ju\u00edzes tomar\u00e3o uma decis\u00e3o muito importante para todos os americanos, e n\u00e3o apenas para as mulheres, disse o procurador-geral da Calif\u00f3rnia, Xavier Becerra.<\/p>\n<p>O Supremo deve comunicar sua decis\u00e3o at\u00e9 o final de junho.<\/p>\n","protected":false},"excerpt":{"rendered":"<p>Os centros de crise da gravidez foram objeto de um sens\u00edvel debate nesta ter\u00e7a-feira na Suprema Corte dos Estados Unidos, marcado pela press\u00e3o de grupos crist\u00e3os e conservadores. Neste centros distribu\u00eddos por todo os Estados Unidos, as mulheres encontram assist\u00eancia, exames e at\u00e9 cartilhas sobre a gravidez, mas h\u00e1 algo que n\u00e3o conseguir\u00e3o: informa\u00e7\u00f5es sobre &hellip;<\/p>\n","protected":false},"author":2,"featured_media":31408,"comment_status":"open","ping_status":"open","sticky":false,"template":"","format":"standard","meta":{"footnotes":""},"categories":[4],"tags":[],"class_list":["post-31732","post","type-post","status-publish","format-standard","has-post-thumbnail","hentry","category-ultimas-noticias"],"_links":{"self":[{"href":"https:\/\/goiasemtempo.com.br\/home\/wp-json\/wp\/v2\/posts\/31732","targetHints":{"allow":["GET"]}}],"collection":[{"href":"https:\/\/goiasemtempo.com.br\/home\/wp-json\/wp\/v2\/posts"}],"about":[{"href":"https:\/\/goiasemtempo.com.br\/home\/wp-json\/wp\/v2\/types\/post"}],"author":[{"embeddable":true,"href":"https:\/\/goiasemtempo.com.br\/home\/wp-json\/wp\/v2\/users\/2"}],"replies":[{"embeddable":true,"href":"https:\/\/goiasemtempo.com.br\/home\/wp-json\/wp\/v2\/comments?post=31732"}],"version-history":[{"count":1,"href":"https:\/\/goiasemtempo.com.br\/home\/wp-json\/wp\/v2\/posts\/31732\/revisions"}],"predecessor-version":[{"id":31733,"href":"https:\/\/goiasemtempo.com.br\/home\/wp-json\/wp\/v2\/posts\/31732\/revisions\/31733"}],"wp:featuredmedia":[{"embeddable":true,"href":"https:\/\/goiasemtempo.com.br\/home\/wp-json\/wp\/v2\/media\/31408"}],"wp:attachment":[{"href":"https:\/\/goiasemtempo.com.br\/home\/wp-json\/wp\/v2\/media?parent=31732"}],"wp:term":[{"taxonomy":"category","embeddable":true,"href":"https:\/\/goiasemtempo.com.br\/home\/wp-json\/wp\/v2\/categories?post=31732"},{"taxonomy":"post_tag","embeddable":true,"href":"https:\/\/goiasemtempo.com.br\/home\/wp-json\/wp\/v2\/tags?post=31732"}],"curies":[{"name":"wp","href":"https:\/\/api.w.org\/{rel}","templated":true}]}}