{"id":31707,"date":"2018-03-26T12:30:18","date_gmt":"2018-03-26T12:30:18","guid":{"rendered":"https:\/\/goiasemtempo.com.br\/home\/?p=31707"},"modified":"2018-03-26T12:30:18","modified_gmt":"2018-03-26T12:30:18","slug":"emissoes-de-carbono-do-mundo-estao-em-ascensao-novamente-diz-aie","status":"publish","type":"post","link":"https:\/\/goiasemtempo.com.br\/home\/emissoes-de-carbono-do-mundo-estao-em-ascensao-novamente-diz-aie\/","title":{"rendered":"Emiss\u00f5es de carbono do mundo est\u00e3o em ascens\u00e3o novamente, diz AIE"},"content":{"rendered":"<p>As emiss\u00f5es de carbono da energia aumentaram em 2017 pela primeira vez em tr\u00eas anos, afirmou a Ag\u00eancia Internacional de Energia nesta quinta-feira, prova de que os esfor\u00e7os mundiais para combater as mudan\u00e7as clim\u00e1ticas est\u00e3o sendo insuficientes.<\/p>\n<p>O forte crescimento econ\u00f4mico aumentou a demanda global de energia em 2,1% no ano passado, informou a IEA, com sede em Paris, em um relat\u00f3rio.<\/p>\n<p>Cerca de 70% dessas necessidades adicionais foram atendidas pelos combust\u00edveis f\u00f3sseis petr\u00f3leo, g\u00e1s e carv\u00e3o, elevando as emiss\u00f5es globais de di\u00f3xido de carbono relacionadas \u00e0 energia em 1,4%, ap\u00f3s tr\u00eas anos permanecendo est\u00e1veis.<\/p>\n<p>O resto da demanda foi coberto principalmente por energias renov\u00e1veis.<\/p>\n<p>O aumento significativo das emiss\u00f5es globais de di\u00f3xido de carbono relacionadas \u00e0 energia em 2017 nos diz que os esfor\u00e7os atuais para combater as mudan\u00e7as clim\u00e1ticas est\u00e3o longe de ser suficientes, disse o diretor executivo da AIE, Fatih Birol, em comunicado.<\/p>\n<p>Por exemplo, houve uma desacelera\u00e7\u00e3o dram\u00e1tica na taxa de melhoria na efici\u00eancia energ\u00e9tica global, \u00e0 medida que os formuladores de pol\u00edticas colocaram menos foco nessa \u00e1rea, disse.<\/p>\n<p>Mas o aumento global nas emiss\u00f5es de CO2 mascarou grandes melhorias em alguns pa\u00edses, incluindo os Estados Unidos, um grande poluidor.<\/p>\n<p>De fato, os EUA tiveram a maior queda nas emiss\u00f5es, ajudada por uma maior implanta\u00e7\u00e3o de energias renov\u00e1veis.<\/p>\n<p>As emiss\u00f5es tamb\u00e9m diminu\u00edram na Gr\u00e3-Bretanha, no M\u00e9xico e no Jap\u00e3o, disse a AIE.<\/p>\n","protected":false},"excerpt":{"rendered":"<p>As emiss\u00f5es de carbono da energia aumentaram em 2017 pela primeira vez em tr\u00eas anos, afirmou a Ag\u00eancia Internacional de Energia nesta quinta-feira, prova de que os esfor\u00e7os mundiais para combater as mudan\u00e7as clim\u00e1ticas est\u00e3o sendo insuficientes. O forte crescimento econ\u00f4mico aumentou a demanda global de energia em 2,1% no ano passado, informou a IEA, &hellip;<\/p>\n","protected":false},"author":2,"featured_media":31396,"comment_status":"open","ping_status":"open","sticky":false,"template":"","format":"standard","meta":{"footnotes":""},"categories":[4],"tags":[],"class_list":["post-31707","post","type-post","status-publish","format-standard","has-post-thumbnail","hentry","category-ultimas-noticias"],"_links":{"self":[{"href":"https:\/\/goiasemtempo.com.br\/home\/wp-json\/wp\/v2\/posts\/31707","targetHints":{"allow":["GET"]}}],"collection":[{"href":"https:\/\/goiasemtempo.com.br\/home\/wp-json\/wp\/v2\/posts"}],"about":[{"href":"https:\/\/goiasemtempo.com.br\/home\/wp-json\/wp\/v2\/types\/post"}],"author":[{"embeddable":true,"href":"https:\/\/goiasemtempo.com.br\/home\/wp-json\/wp\/v2\/users\/2"}],"replies":[{"embeddable":true,"href":"https:\/\/goiasemtempo.com.br\/home\/wp-json\/wp\/v2\/comments?post=31707"}],"version-history":[{"count":1,"href":"https:\/\/goiasemtempo.com.br\/home\/wp-json\/wp\/v2\/posts\/31707\/revisions"}],"predecessor-version":[{"id":31708,"href":"https:\/\/goiasemtempo.com.br\/home\/wp-json\/wp\/v2\/posts\/31707\/revisions\/31708"}],"wp:featuredmedia":[{"embeddable":true,"href":"https:\/\/goiasemtempo.com.br\/home\/wp-json\/wp\/v2\/media\/31396"}],"wp:attachment":[{"href":"https:\/\/goiasemtempo.com.br\/home\/wp-json\/wp\/v2\/media?parent=31707"}],"wp:term":[{"taxonomy":"category","embeddable":true,"href":"https:\/\/goiasemtempo.com.br\/home\/wp-json\/wp\/v2\/categories?post=31707"},{"taxonomy":"post_tag","embeddable":true,"href":"https:\/\/goiasemtempo.com.br\/home\/wp-json\/wp\/v2\/tags?post=31707"}],"curies":[{"name":"wp","href":"https:\/\/api.w.org\/{rel}","templated":true}]}}