{"id":31693,"date":"2018-03-26T12:25:43","date_gmt":"2018-03-26T12:25:43","guid":{"rendered":"https:\/\/goiasemtempo.com.br\/home\/?p=31693"},"modified":"2018-03-26T12:25:43","modified_gmt":"2018-03-26T12:25:43","slug":"apple-consegue-lideranca-de-dois-anos-em-corrida-para-sensor-3d","status":"publish","type":"post","link":"https:\/\/goiasemtempo.com.br\/home\/apple-consegue-lideranca-de-dois-anos-em-corrida-para-sensor-3d\/","title":{"rendered":"Apple consegue lideran\u00e7a de dois anos em corrida para sensor 3D"},"content":{"rendered":"<p>(Reuters) &#8211; A maioria dos telefones Android ter\u00e1 que esperar at\u00e9 2019 para ter o recurso de detec\u00e7\u00e3o 3D por tr\u00e1s do reconhecimento facial da Apple, tr\u00eas grandes produtores de pe\u00e7as disseram \u00e0 Reuters, privando a Samsung e outros de uma tecnologia que valer\u00e1 bilh\u00f5es de receita nos pr\u00f3ximos anos.<\/p>\n<p>O desenvolvimento de novos recursos para os estimados 1,5 bilh\u00e3o de smartphones vendidos anualmente \u00e9 ponto central na batalha pela participa\u00e7\u00e3o no mercado global na \u00faltima d\u00e9cada, com a Apple, impulsionada por seu enorme or\u00e7amento de pesquisa e desenvolvimento, muitas vezes l\u00edder.<\/p>\n<p>Quando o iPhone 5S foi lan\u00e7ado com um sensor de impress\u00e3o digital de bot\u00e3o inicial em setembro de 2013, por exemplo, a sua maior rival Samsung levou at\u00e9 abril do ano seguinte para entregar o seu pr\u00f3prio no Galaxy S5, com outros seguindo logo depois.<\/p>\n<p>Espera-se que a tecnologia de detec\u00e7\u00e3o 3D aprimore a pr\u00f3xima gera\u00e7\u00e3o de telefones, permitindo um reconhecimento facial preciso, bem como a seguran\u00e7a de dados biom\u00e9tricos para pagamentos, detec\u00e7\u00e3o de gestos e experi\u00eancias imersivas de compras e jogos.<\/p>\n<p>A empresa de pesquisa tecnol\u00f3gica Gartner prev\u00ea que at\u00e9 2021, 40 por cento dos smartphones ser\u00e3o equipados com c\u00e2meras 3D, que tamb\u00e9m podem ser usadas para a chamada realidade aumentada, ou AR, em que os objetos digitais se apegam \u00e0s imagens do mundo real.<\/p>\n<p>Esse tipo de funcionalidade vai ser muito importante para AR, disse o analista da Gartner, Jon Erensen. Eu acho que \u00e9 algo em que voc\u00ea n\u00e3o quer ficar para tr\u00e1s.<\/p>\n<p>De acordo com os fabricantes de pe\u00e7as, a Viavi Solutions, a Finisar e a Ams, os gargalos nas principais partes significar\u00e3o que a ado\u00e7\u00e3o em massa da detec\u00e7\u00e3o 3D n\u00e3o acontecer\u00e1 at\u00e9 o pr\u00f3ximo ano, decepcionando expectativas anteriores.<\/p>\n<p>Isso significa que as chinesas Huawei e Xiaomi e outras podem ter quase dois anos de atraso em rela\u00e7\u00e3o \u00e0 Apple, que lan\u00e7ou o Face ID com o seu iPhone X em setembro.<\/p>\n<p>Em particular, os produtores de Android est\u00e3o lutando para produzir lasers de emiss\u00e3o de superf\u00edcie de cavidade vertical, ou VCSELs, uma parte essencial do hardware Face ID da Apple.<\/p>\n<p>Vai demorar muito tempo, para os clientes baseados em Android, para garantir capacidade em toda a cadeia de suprimentos, disse Bill Ong, diretor s\u00eanior de rela\u00e7\u00f5es com investidores da Viavi, visto como o \u00fanico grande fornecedor de filtros \u00f3pticos necess\u00e1rios para os m\u00f3dulos de detec\u00e7\u00e3o 3D.<\/p>\n<p>Podemos ter uma introdu\u00e7\u00e3o potencial de um segundo fabricante de aparelhos celulares com a detec\u00e7\u00e3o 3D no final deste ano calend\u00e1rio. (Mas) os volumes seriam muito baixos. Em 2019 voc\u00ea ver\u00e1 claramente pelo menos dois ou mais telefones baseados em Android ele acrescentou.<\/p>\n<p>Ong recusou-se a nomear a empresa que pode lan\u00e7ar um telefone Android com reconhecimento de rosto 3D este ano, mas disse que a Viavi estava em negocia\u00e7\u00f5es com todos os grandes fabricantes de telefones inteligentes para fornecer os filtros.<\/p>\n<p>Alguns telefones Android com capacidades de detec\u00e7\u00e3o 3D chegaram ao mercado em pequenos n\u00fameros, como o Asus ZenFone AR lan\u00e7ado no ano passado, mas esses modelos n\u00e3o usaram os sensores para reconhecimento facial como o iPhone X.<\/p>\n<p>Apple, Huawei e Xiaomi recusaram-se a comentar, assim como a Samsung, cujos telefones atuais usam uma c\u00e2mera padr\u00e3o para reconhecimento facial.<\/p>\n","protected":false},"excerpt":{"rendered":"<p>(Reuters) &#8211; A maioria dos telefones Android ter\u00e1 que esperar at\u00e9 2019 para ter o recurso de detec\u00e7\u00e3o 3D por tr\u00e1s do reconhecimento facial da Apple, tr\u00eas grandes produtores de pe\u00e7as disseram \u00e0 Reuters, privando a Samsung e outros de uma tecnologia que valer\u00e1 bilh\u00f5es de receita nos pr\u00f3ximos anos. O desenvolvimento de novos recursos &hellip;<\/p>\n","protected":false},"author":2,"featured_media":31389,"comment_status":"open","ping_status":"open","sticky":false,"template":"","format":"standard","meta":{"_exactmetrics_skip_tracking":false,"_exactmetrics_sitenote_active":false,"_exactmetrics_sitenote_note":"","_exactmetrics_sitenote_category":0,"footnotes":""},"categories":[4],"tags":[],"_links":{"self":[{"href":"https:\/\/goiasemtempo.com.br\/home\/wp-json\/wp\/v2\/posts\/31693"}],"collection":[{"href":"https:\/\/goiasemtempo.com.br\/home\/wp-json\/wp\/v2\/posts"}],"about":[{"href":"https:\/\/goiasemtempo.com.br\/home\/wp-json\/wp\/v2\/types\/post"}],"author":[{"embeddable":true,"href":"https:\/\/goiasemtempo.com.br\/home\/wp-json\/wp\/v2\/users\/2"}],"replies":[{"embeddable":true,"href":"https:\/\/goiasemtempo.com.br\/home\/wp-json\/wp\/v2\/comments?post=31693"}],"version-history":[{"count":1,"href":"https:\/\/goiasemtempo.com.br\/home\/wp-json\/wp\/v2\/posts\/31693\/revisions"}],"predecessor-version":[{"id":31694,"href":"https:\/\/goiasemtempo.com.br\/home\/wp-json\/wp\/v2\/posts\/31693\/revisions\/31694"}],"wp:featuredmedia":[{"embeddable":true,"href":"https:\/\/goiasemtempo.com.br\/home\/wp-json\/wp\/v2\/media\/31389"}],"wp:attachment":[{"href":"https:\/\/goiasemtempo.com.br\/home\/wp-json\/wp\/v2\/media?parent=31693"}],"wp:term":[{"taxonomy":"category","embeddable":true,"href":"https:\/\/goiasemtempo.com.br\/home\/wp-json\/wp\/v2\/categories?post=31693"},{"taxonomy":"post_tag","embeddable":true,"href":"https:\/\/goiasemtempo.com.br\/home\/wp-json\/wp\/v2\/tags?post=31693"}],"curies":[{"name":"wp","href":"https:\/\/api.w.org\/{rel}","templated":true}]}}