{"id":31673,"date":"2018-03-26T12:19:11","date_gmt":"2018-03-26T12:19:11","guid":{"rendered":"https:\/\/goiasemtempo.com.br\/home\/?p=31673"},"modified":"2018-03-26T12:19:11","modified_gmt":"2018-03-26T12:19:11","slug":"astro-britanico-do-ufc-revela-ter-aprendido-portugues-com-google-tradutor","status":"publish","type":"post","link":"https:\/\/goiasemtempo.com.br\/home\/astro-britanico-do-ufc-revela-ter-aprendido-portugues-com-google-tradutor\/","title":{"rendered":"Astro brit\u00e2nico do UFC revela ter aprendido portugu\u00eas com Google Tradutor"},"content":{"rendered":"<p>Pr\u00f3ximo de realizar o combate principal do UFC Liverpool \u2013 sua cidade natal -, o brit\u00e2nico Darren Till teve uma juventude dif\u00edcil at\u00e9 conseguir se profissionalizar como lutador de MMA. Devido a uma adolesc\u00eancia conturbada e as limita\u00e7\u00f5es de sua academia, o jovem migrou para o Brasil em 2012 \u2013 aos 18 anos de idade \u2013 com intuito de seguir o sonho. Em entrevista ao canal \u2018ESPN UK\u2019, o meio-m\u00e9dio (77 kg) declarou que \u2013 para lidar com o choque cultural e a barreira idiom\u00e1tica \u2013 dependeu do \u2018Google Tradutor\u2019 at\u00e9 aprender a se comunicar em portugu\u00eas.<\/p>\n<p>Agora com 25 anos e de volta ao lar, o ingl\u00eas narrou como foi sua chegada a Balne\u00e1rio Cambori\u00fa (Santa Catarina), onde morou por quatro anos. De acordo com o relato, o primeiro incentivo de Darren para aprender a l\u00edngua foi uma suspeita de que os outros lutadores faziam piadas sobre ele na academia.<\/p>\n<p>\u201cFoi estarrecedor. N\u00e3o sabia quando voltaria, nem onde estava me metendo. Sempre pensava que estavam fazendo piadas sobre mim, pensava: \u2018Esses caras est\u00e3o me zoando?\u2019.  Foi duro, morava em um apartamento e poucas pessoas falavam ingl\u00eas. Era muito dif\u00edcil comprar comida e ir ao supermercado. Pensei que se continuasse l\u00e1 e n\u00e3o falasse o idioma, teria muita dificuldade. Ent\u00e3o fiz uma lista e ela dizia:  \u2018Voc\u00ea vai acordar, comer, ir \u00e0 academia e quando voltar voc\u00ea vai estudar portugu\u00eas no \u2018Google Tradutor\u2019 e treinar de novo \u00e0 noite\u2019. Em alguns meses, estava com o portugu\u00eas na ponta da l\u00edngua\u201d, contou.<\/p>\n<p>Novato em uma academia brasileira, Darren discorreu sobre seu trabalho de instrutor de muay thai e o gradual processo de treinamento que atravessou at\u00e9 alcan\u00e7ar o n\u00edvel em que se encontra atualmente. Segundo o brit\u00e2nico, a motiva\u00e7\u00e3o para superar os atletas que o finalizavam diariamente foi um fator primordial para lhe ajudar a progredir.<\/p>\n<p>\u201cMeu t\u00e9cnico queria que eu fosse professor de muay thai. Eu pensava: \u2018Estou lecionando muay thai a voc\u00eas, ent\u00e3o vou quebrar cada um de voc\u00eas\u2019. Me lembro de Colin (t\u00e9cnico brit\u00e2nico de Till) dizendo para eu me certificar de destruir cada um deles. Naquela \u00e9poca meu ch\u00e3o n\u00e3o era nada bom. Brasileiros s\u00e3o conhecidos pelo jiu-jitsu e eu estava sendo finalizado direto, mas pensava: \u2018Vai chegar um dia em que vou pegar voc\u00eas\u2019. Gradualmente \u2013 com o passar dos meses \u2013 comecei a amassar os outros. Eu estava l\u00e1 com uma miss\u00e3o, uma miss\u00e3o maluca\u201d, explicou.<\/p>\n<p>Ap\u00f3s 12 combates profissionais \u2013 11 deles no Brasil e um na Argentina \u2013 Till estreou pelo UFC em maio de 2015, nocauteando Wendell Oliveira no primeiro assalto. Sua seguinte luta terminou em um empate contra o dinamarqu\u00eas Nicolas Dalby. Em 2016, o ingl\u00eas retornou \u00e0 sua terra, alegando se sentir mais maduro ap\u00f3s quatro anos vivendo como imigrante no Brasil.<\/p>\n<p>\u201cEu diria que o Darren Till que voltou est\u00e1 um pouco mais maduro. Com um olhar um pouco diferente. [\u2026] Era a hora certa. Nunca vou me esquecer de Colin dizendo: \u2018Quando chegar a hora certa, voc\u00ea tem que voltar. Voc\u00ea tem que ganhar muito dinheiro e voltar\u2019, e eu ganhei. Eu voltei no Natal de 2016\u201d, concluiu.<\/p>\n<p>Em seu \u00faltimo confronto, Darren Till nocauteou Donald Cerrone no primeiro assalto do evento principal do UFC Pol\u00f4nia. A vit\u00f3ria o catapultou para o s\u00e9timo lugar do ranking dos meio-m\u00e9dios e o garantiu uma vaga para encabe\u00e7ar o UFC Liverpool no pr\u00f3ximo dia 27 de maio.<\/p>\n","protected":false},"excerpt":{"rendered":"<p>Pr\u00f3ximo de realizar o combate principal do UFC Liverpool \u2013 sua cidade natal -, o brit\u00e2nico Darren Till teve uma juventude dif\u00edcil at\u00e9 conseguir se profissionalizar como lutador de MMA. Devido a uma adolesc\u00eancia conturbada e as limita\u00e7\u00f5es de sua academia, o jovem migrou para o Brasil em 2012 \u2013 aos 18 anos de idade &hellip;<\/p>\n","protected":false},"author":2,"featured_media":31379,"comment_status":"open","ping_status":"open","sticky":false,"template":"","format":"standard","meta":{"footnotes":""},"categories":[4],"tags":[],"class_list":["post-31673","post","type-post","status-publish","format-standard","has-post-thumbnail","hentry","category-ultimas-noticias"],"_links":{"self":[{"href":"https:\/\/goiasemtempo.com.br\/home\/wp-json\/wp\/v2\/posts\/31673","targetHints":{"allow":["GET"]}}],"collection":[{"href":"https:\/\/goiasemtempo.com.br\/home\/wp-json\/wp\/v2\/posts"}],"about":[{"href":"https:\/\/goiasemtempo.com.br\/home\/wp-json\/wp\/v2\/types\/post"}],"author":[{"embeddable":true,"href":"https:\/\/goiasemtempo.com.br\/home\/wp-json\/wp\/v2\/users\/2"}],"replies":[{"embeddable":true,"href":"https:\/\/goiasemtempo.com.br\/home\/wp-json\/wp\/v2\/comments?post=31673"}],"version-history":[{"count":1,"href":"https:\/\/goiasemtempo.com.br\/home\/wp-json\/wp\/v2\/posts\/31673\/revisions"}],"predecessor-version":[{"id":31674,"href":"https:\/\/goiasemtempo.com.br\/home\/wp-json\/wp\/v2\/posts\/31673\/revisions\/31674"}],"wp:featuredmedia":[{"embeddable":true,"href":"https:\/\/goiasemtempo.com.br\/home\/wp-json\/wp\/v2\/media\/31379"}],"wp:attachment":[{"href":"https:\/\/goiasemtempo.com.br\/home\/wp-json\/wp\/v2\/media?parent=31673"}],"wp:term":[{"taxonomy":"category","embeddable":true,"href":"https:\/\/goiasemtempo.com.br\/home\/wp-json\/wp\/v2\/categories?post=31673"},{"taxonomy":"post_tag","embeddable":true,"href":"https:\/\/goiasemtempo.com.br\/home\/wp-json\/wp\/v2\/tags?post=31673"}],"curies":[{"name":"wp","href":"https:\/\/api.w.org\/{rel}","templated":true}]}}