{"id":31527,"date":"2018-03-26T11:31:32","date_gmt":"2018-03-26T11:31:32","guid":{"rendered":"https:\/\/goiasemtempo.com.br\/home\/?p=31527"},"modified":"2018-03-26T11:31:32","modified_gmt":"2018-03-26T11:31:32","slug":"rio-esta-sem-vacina-pentavalente-ministerio-diz-vai-regularizar-abastecimento","status":"publish","type":"post","link":"https:\/\/goiasemtempo.com.br\/home\/rio-esta-sem-vacina-pentavalente-ministerio-diz-vai-regularizar-abastecimento\/","title":{"rendered":"Rio est\u00e1 sem vacina pentavalente; minist\u00e9rio diz vai regularizar abastecimento"},"content":{"rendered":"<p>As unidades municipais de sa\u00fade do Rio de Janeiro registram desabastecimento total da vacina pentavalente. O imunizante est\u00e1 em falta em todos os postos da cidade. O desabastecimento foi  confirmado pela Secretaria Municipal de Sa\u00fade. O \u00f3rg\u00e3o argumenta que a responsabilidade pelo fornecimento \u00e9 do Minist\u00e9rio da Sa\u00fade, que por sua vez diz que est\u00e1 trabalhando para regularizar a situa\u00e7\u00e3o.<\/p>\n<p>A aplica\u00e7\u00e3o da vacina pentavalente faz parte do calend\u00e1rio nacional de imuniza\u00e7\u00e3o e ocorre em tr\u00eas doses: quando os beb\u00eas completam dois, quatro e seis meses. Ela protege contra cinco doen\u00e7as: difteria, t\u00e9tano, coqueluche, hepatite B e outras infec\u00e7\u00f5es causadas pela bact\u00e9ria Haemophilus influenzae tipo B, entre elas a meningite.<\/p>\n<p>Vacinas combinadas s\u00e3o uma tend\u00eancia mundial. O calend\u00e1rio da crian\u00e7a cresceu em n\u00famero de doses e de aplica\u00e7\u00f5es e \u00e9 preciso otimizar. Isso n\u00e3o \u00e9 novo. Essas vacinas j\u00e1 s\u00e3o usadas h\u00e1 muito tempo. Mas cada vez temos mais combina\u00e7\u00f5es, explicou a m\u00e9dica Isabella Ballalai, presidente da Sociedade Brasileira de Imuniza\u00e7\u00f5es (SBIm).<\/p>\n<p>De acordo com ela, nos \u00faltimos tr\u00eas anos, o Brasil vem registrando diversos casos de descontinuidade na distribui\u00e7\u00e3o da vacina pentavalente. Como ainda n\u00e3o \u00e9 desenvolvido no pa\u00eds, o imunizante precisa ser importado. Isabella disse que a produ\u00e7\u00e3o em diversos pa\u00edses tem enfrentado problemas, impactando no mercado mundial e tem levado o Brasil a buscar fornecedores na \u00cdndia.<\/p>\n<p>A falta da vacina preocupa porque, se for por muito tempo, [a crian\u00e7a] pode perder cobertura vacinal. Atrapalha tamb\u00e9m a ades\u00e3o da popula\u00e7\u00e3o. Quem vai ao posto e n\u00e3o encontra a vacina, nem sempre volta. E isso tamb\u00e9m pode levar a uma redu\u00e7\u00e3o da cobertura, alertou.<\/p>\n<p>Hoje, as cinco doen\u00e7as cobertas pela vacina est\u00e3o controladas no pa\u00eds. Para n\u00e3o haver revers\u00e3o desse quadro, a SBIm pede que os pais n\u00e3o deixem de buscar novamente a vacina polivalente uma vez que o abastecimento se regularize.<\/p>\n<p>A Ag\u00eancia Brasil apurou que o problema se repete em Niter\u00f3i. Postos de sa\u00fade contatados informaram estar desabastecidos. Na rede privada do munic\u00edpio, a Cl\u00ednica Imunol\u00f3gica informou que cobra R$270 pela vacina. J\u00e1 em uma unidade da Cl\u00ednica Prophylaxis, sediada na capital, o valor \u00e9 R$ 325.<\/p>\n<p>O Minist\u00e9rio de Sa\u00fade informou que mant\u00e9m a distribui\u00e7\u00e3o de vacinas em todo o pa\u00eds e est\u00e1 trabalhando para regularizar os estoques em casos pontuais. No caso da pentavalente, j\u00e1 foi autorizado o envio de 1,2 milh\u00e3o de doses para todo o pa\u00eds, sendo 90 mil para Rio de Janeiro, informou em nota. De acordo com a pasta, as doses chegar\u00e3o aos estados nos pr\u00f3ximos dias.<\/p>\n<p>Por sua vez, a Secretaria de Estado de Sa\u00fade do Rio de Janeiro (SES-RJ) disse ter recebido do Minist\u00e9rio de Sa\u00fade uma nova remessa no dia 15 de mar\u00e7o e que a vacina est\u00e1 dispon\u00edvel para retirada dos munic\u00edpios. O \u00f3rg\u00e3o, por\u00e9m, n\u00e3o informou se as prefeituras do Rio de Janeiro e de Niter\u00f3i retiraram o imunizante.<\/p>\n<p>Medicamentos<\/p>\n<p>A falta de insumos e medicamentos tem sido um problema recorrente nas unidades de sa\u00fade do Rio de Janeiro. Em dezembro do ano passado, conselhos regionais profissionais de medicina, nutri\u00e7\u00e3o, fonoaudiologia e fisioterapia se mobilizaram para manifestar receio com a situa\u00e7\u00e3o na capital, considerada preocupante. Al\u00e9m da falta de pessoal em diversos hospitais, eles alegavam que 200 medicamentos, entre eles os voltados para pacientes com press\u00e3o alta e diabetes, estavam em falta mas unidades de aten\u00e7\u00e3o b\u00e1sica.<\/p>\n<p>Na quinta-feira (23), o prefeito do Rio de Janeiro, Marcelo Crivella, anunciou um investimento de R$ 37 milh\u00f5es para a compra de medicamentos. A nova remessa contempla 150 do total de 175 itens que comp\u00f5em a grade da aten\u00e7\u00e3o prim\u00e1ria, lista de rem\u00e9dios distribu\u00eddos aos pacientes das Cl\u00ednicas da Fam\u00edlia e dos Centros Municipais de Sa\u00fade, informou a prefeitura. Os rem\u00e9dios devem chegar at\u00e9 o dia 9 de abril.<\/p>\n<p>Ainda de acordo com o munic\u00edpio, outros R$ 110 milh\u00f5es haviam sido destinados em novembro do ano passado para o mesmo fim e os estoques est\u00e3o sendo repostos. Os pacientes que enfrentarem problemas devem registrar reclama\u00e7\u00e3o atrav\u00e9s do Disque-Rem\u00e9dio, canal de comunica\u00e7\u00e3o criado em janeiro e que funciona atrav\u00e9s do telefone (21) 2599-4760.<\/p>\n<p>* Colaborou Raquel J\u00fania, da R\u00e1dio Nacional do Rio de Janeiro<\/p>\n<p>Edi\u00e7\u00e3o: Fernando Fraga<\/p>\n","protected":false},"excerpt":{"rendered":"<p>As unidades municipais de sa\u00fade do Rio de Janeiro registram desabastecimento total da vacina pentavalente. O imunizante est\u00e1 em falta em todos os postos da cidade. O desabastecimento foi confirmado pela Secretaria Municipal de Sa\u00fade. O \u00f3rg\u00e3o argumenta que a responsabilidade pelo fornecimento \u00e9 do Minist\u00e9rio da Sa\u00fade, que por sua vez diz que est\u00e1 &hellip;<\/p>\n","protected":false},"author":2,"featured_media":31306,"comment_status":"open","ping_status":"open","sticky":false,"template":"","format":"standard","meta":{"_exactmetrics_skip_tracking":false,"_exactmetrics_sitenote_active":false,"_exactmetrics_sitenote_note":"","_exactmetrics_sitenote_category":0,"footnotes":""},"categories":[4],"tags":[],"_links":{"self":[{"href":"https:\/\/goiasemtempo.com.br\/home\/wp-json\/wp\/v2\/posts\/31527"}],"collection":[{"href":"https:\/\/goiasemtempo.com.br\/home\/wp-json\/wp\/v2\/posts"}],"about":[{"href":"https:\/\/goiasemtempo.com.br\/home\/wp-json\/wp\/v2\/types\/post"}],"author":[{"embeddable":true,"href":"https:\/\/goiasemtempo.com.br\/home\/wp-json\/wp\/v2\/users\/2"}],"replies":[{"embeddable":true,"href":"https:\/\/goiasemtempo.com.br\/home\/wp-json\/wp\/v2\/comments?post=31527"}],"version-history":[{"count":1,"href":"https:\/\/goiasemtempo.com.br\/home\/wp-json\/wp\/v2\/posts\/31527\/revisions"}],"predecessor-version":[{"id":31528,"href":"https:\/\/goiasemtempo.com.br\/home\/wp-json\/wp\/v2\/posts\/31527\/revisions\/31528"}],"wp:featuredmedia":[{"embeddable":true,"href":"https:\/\/goiasemtempo.com.br\/home\/wp-json\/wp\/v2\/media\/31306"}],"wp:attachment":[{"href":"https:\/\/goiasemtempo.com.br\/home\/wp-json\/wp\/v2\/media?parent=31527"}],"wp:term":[{"taxonomy":"category","embeddable":true,"href":"https:\/\/goiasemtempo.com.br\/home\/wp-json\/wp\/v2\/categories?post=31527"},{"taxonomy":"post_tag","embeddable":true,"href":"https:\/\/goiasemtempo.com.br\/home\/wp-json\/wp\/v2\/tags?post=31527"}],"curies":[{"name":"wp","href":"https:\/\/api.w.org\/{rel}","templated":true}]}}