{"id":31481,"date":"2018-03-26T11:16:14","date_gmt":"2018-03-26T11:16:14","guid":{"rendered":"https:\/\/goiasemtempo.com.br\/home\/?p=31481"},"modified":"2018-03-26T11:16:14","modified_gmt":"2018-03-26T11:16:14","slug":"palocci-desiste-de-habeas-corpus-no-stf-no-mesmo-dia-do-pedido-de-lula","status":"publish","type":"post","link":"https:\/\/goiasemtempo.com.br\/home\/palocci-desiste-de-habeas-corpus-no-stf-no-mesmo-dia-do-pedido-de-lula\/","title":{"rendered":"Palocci desiste de habeas corpus no STF no mesmo dia do pedido de Lula"},"content":{"rendered":"<p>A defesa do ex-ministro da Fazenda Ant\u00f4nio Palocci desistiu hoje (23) do pedido feito para que seu habeas corpus seja julgado no pr\u00f3ximo dia 4 de abril, mesma data em que foi marcado o julgamento de um pedido de liberdade preventivo do ex-presidente Luiz In\u00e1cio Lula da Silva.<\/p>\n<p>Anteriormente, os advogados argumentaram ter \u201cprioridade absoluta\u201d sobre Lula, uma vez que Palocci est\u00e1 preso preventivamente desde setembro de 2016 no \u00e2mbito da Opera\u00e7\u00e3o Lava Jato, enquanto o ex-presidente encontra-se solto.<\/p>\n<p>No entanto, ap\u00f3s a sess\u00e3o de ontem, quando a Corte aceitou julgar o caso de Lula, os advogados  afirmaram que a quest\u00e3o t\u00e9cnica defendida pela defesa do ex-ministro foi aceita pelo tribunal e o caso pode ser julgado pela Segunda Turma da Corte.<\/p>\n<p>\u201cTendo em vista que o conhecimento do habeas corpus substitutivo de recurso ordin\u00e1rio foi admitido pelo plen\u00e1rio do Tribunal, a defesa expressamente desiste de aludido pleito, \u201d, argumenta a defesa.<\/p>\n<p>Palocci foi condenado em junho do ano passado a 12 anos e dois meses de pris\u00e3o, inicialmente em regime fechado, por corrup\u00e7\u00e3o passiva e lavagem de dinheiro, pelo juiz S\u00e9rgio Moro, da 13\u00aa Vara Federal de Curitiba. Diferentemente de Lula, o ex-ministro ainda n\u00e3o teve recurso julgado no Tribunal Regional Federal da 4\u00aa Regi\u00e3o (TRF4), segunda inst\u00e2ncia da Justi\u00e7a Federal.<\/p>\n<p>O ex-ministro da Fazenda j\u00e1 teve diversos pedidos de liberdade negados em sucessivas inst\u00e2ncias. Em maio, o relator da Lava Jato no STF, ministro Edson Fachin, rejeitou individualmente o habeas corpus de Palocci e enviou o caso ao plen\u00e1rio para resolu\u00e7\u00e3o de uma quest\u00e3o processual sobre o caso. At\u00e9 o momento, entretanto, o processo n\u00e3o chegou a ser inclu\u00eddo na pauta de julgamentos.<\/p>\n<p>Edi\u00e7\u00e3o: Amanda Cieglinski<\/p>\n","protected":false},"excerpt":{"rendered":"<p>A defesa do ex-ministro da Fazenda Ant\u00f4nio Palocci desistiu hoje (23) do pedido feito para que seu habeas corpus seja julgado no pr\u00f3ximo dia 4 de abril, mesma data em que foi marcado o julgamento de um pedido de liberdade preventivo do ex-presidente Luiz In\u00e1cio Lula da Silva. Anteriormente, os advogados argumentaram ter \u201cprioridade absoluta\u201d &hellip;<\/p>\n","protected":false},"author":2,"featured_media":31283,"comment_status":"open","ping_status":"open","sticky":false,"template":"","format":"standard","meta":{"footnotes":""},"categories":[4],"tags":[],"class_list":["post-31481","post","type-post","status-publish","format-standard","has-post-thumbnail","hentry","category-ultimas-noticias"],"_links":{"self":[{"href":"https:\/\/goiasemtempo.com.br\/home\/wp-json\/wp\/v2\/posts\/31481","targetHints":{"allow":["GET"]}}],"collection":[{"href":"https:\/\/goiasemtempo.com.br\/home\/wp-json\/wp\/v2\/posts"}],"about":[{"href":"https:\/\/goiasemtempo.com.br\/home\/wp-json\/wp\/v2\/types\/post"}],"author":[{"embeddable":true,"href":"https:\/\/goiasemtempo.com.br\/home\/wp-json\/wp\/v2\/users\/2"}],"replies":[{"embeddable":true,"href":"https:\/\/goiasemtempo.com.br\/home\/wp-json\/wp\/v2\/comments?post=31481"}],"version-history":[{"count":1,"href":"https:\/\/goiasemtempo.com.br\/home\/wp-json\/wp\/v2\/posts\/31481\/revisions"}],"predecessor-version":[{"id":31482,"href":"https:\/\/goiasemtempo.com.br\/home\/wp-json\/wp\/v2\/posts\/31481\/revisions\/31482"}],"wp:featuredmedia":[{"embeddable":true,"href":"https:\/\/goiasemtempo.com.br\/home\/wp-json\/wp\/v2\/media\/31283"}],"wp:attachment":[{"href":"https:\/\/goiasemtempo.com.br\/home\/wp-json\/wp\/v2\/media?parent=31481"}],"wp:term":[{"taxonomy":"category","embeddable":true,"href":"https:\/\/goiasemtempo.com.br\/home\/wp-json\/wp\/v2\/categories?post=31481"},{"taxonomy":"post_tag","embeddable":true,"href":"https:\/\/goiasemtempo.com.br\/home\/wp-json\/wp\/v2\/tags?post=31481"}],"curies":[{"name":"wp","href":"https:\/\/api.w.org\/{rel}","templated":true}]}}