{"id":31090,"date":"2018-03-25T03:36:50","date_gmt":"2018-03-25T03:36:50","guid":{"rendered":"https:\/\/goiasemtempo.com.br\/home\/?p=31090"},"modified":"2018-03-25T03:36:50","modified_gmt":"2018-03-25T03:36:50","slug":"governo-chama-94-mil-segurados-do-inss-para-revisao-do-beneficio","status":"publish","type":"post","link":"https:\/\/goiasemtempo.com.br\/home\/governo-chama-94-mil-segurados-do-inss-para-revisao-do-beneficio\/","title":{"rendered":"Governo chama  94 mil segurados do INSS para revis\u00e3o do benef\u00edcio"},"content":{"rendered":"<p>O governo federal convocou 94 mil pessoas que recebem aux\u00edlio-doen\u00e7a ou se aposentaram por invalidez para per\u00edcia. O objetivo \u00e9 fazer uma avalia\u00e7\u00e3o com vistas a verificar se estas pessoas ainda fazem jus ao benef\u00edcio. A\u00a0<a href=\"http:\/\/%28http\/\/www.mds.gov.br\/webarquivos\/inss\/Edital_INSS_23032018.xlsx\" target=\"_blank\" rel=\"noopener\">lista<\/a>\u00a0foi publicada no Di\u00e1rio Oficial de hoje (23).<\/p>\n<p>Os benefici\u00e1rios selecionados foram identificados com algum problema no endere\u00e7o ou n\u00e3o agendaram a per\u00edcia no prazo estabelecido. As pessoas na lista t\u00eam at\u00e9 20 dias para agendar a per\u00edcia do processo de revis\u00e3o. A marca\u00e7\u00e3o deve ser feita por meio do telefone 135. O prazo final \u00e9 13 de abril.<\/p>\n<p>Quem n\u00e3o atender \u00e0 convoca\u00e7\u00e3o do governo federal ter\u00e1 o benef\u00edcio suspenso. Neste caso, segundo o Minist\u00e9rio do Desenvolvimento Social, \u00e9 obrigat\u00f3rio realizar a regulariza\u00e7\u00e3o da situa\u00e7\u00e3o para voltar a receber os repasses. Caso a pessoa n\u00e3o fa\u00e7a isso em at\u00e9 60 dias, o benef\u00edcio ser\u00e1 cancelado.<\/p>\n<div class=\"node-info\">Edi\u00e7\u00e3o:\u00a0<strong>Amanda Cieglinski<\/strong><\/div>\n","protected":false},"excerpt":{"rendered":"<p>O governo federal convocou 94 mil pessoas que recebem aux\u00edlio-doen\u00e7a ou se aposentaram por invalidez para per\u00edcia. O objetivo \u00e9 fazer uma avalia\u00e7\u00e3o com vistas a verificar se estas pessoas ainda fazem jus ao benef\u00edcio. A\u00a0lista\u00a0foi publicada no Di\u00e1rio Oficial de hoje (23). Os benefici\u00e1rios selecionados foram identificados com algum problema no endere\u00e7o ou n\u00e3o &hellip;<\/p>\n","protected":false},"author":3,"featured_media":31091,"comment_status":"open","ping_status":"open","sticky":false,"template":"","format":"standard","meta":{"footnotes":""},"categories":[3],"tags":[],"class_list":["post-31090","post","type-post","status-publish","format-standard","has-post-thumbnail","hentry","category-nacional"],"_links":{"self":[{"href":"https:\/\/goiasemtempo.com.br\/home\/wp-json\/wp\/v2\/posts\/31090","targetHints":{"allow":["GET"]}}],"collection":[{"href":"https:\/\/goiasemtempo.com.br\/home\/wp-json\/wp\/v2\/posts"}],"about":[{"href":"https:\/\/goiasemtempo.com.br\/home\/wp-json\/wp\/v2\/types\/post"}],"author":[{"embeddable":true,"href":"https:\/\/goiasemtempo.com.br\/home\/wp-json\/wp\/v2\/users\/3"}],"replies":[{"embeddable":true,"href":"https:\/\/goiasemtempo.com.br\/home\/wp-json\/wp\/v2\/comments?post=31090"}],"version-history":[{"count":1,"href":"https:\/\/goiasemtempo.com.br\/home\/wp-json\/wp\/v2\/posts\/31090\/revisions"}],"predecessor-version":[{"id":31092,"href":"https:\/\/goiasemtempo.com.br\/home\/wp-json\/wp\/v2\/posts\/31090\/revisions\/31092"}],"wp:featuredmedia":[{"embeddable":true,"href":"https:\/\/goiasemtempo.com.br\/home\/wp-json\/wp\/v2\/media\/31091"}],"wp:attachment":[{"href":"https:\/\/goiasemtempo.com.br\/home\/wp-json\/wp\/v2\/media?parent=31090"}],"wp:term":[{"taxonomy":"category","embeddable":true,"href":"https:\/\/goiasemtempo.com.br\/home\/wp-json\/wp\/v2\/categories?post=31090"},{"taxonomy":"post_tag","embeddable":true,"href":"https:\/\/goiasemtempo.com.br\/home\/wp-json\/wp\/v2\/tags?post=31090"}],"curies":[{"name":"wp","href":"https:\/\/api.w.org\/{rel}","templated":true}]}}