{"id":31054,"date":"2018-03-23T22:04:55","date_gmt":"2018-03-23T22:04:55","guid":{"rendered":"https:\/\/goiasemtempo.com.br\/home\/?p=31054"},"modified":"2018-03-23T22:04:55","modified_gmt":"2018-03-23T22:04:55","slug":"manifestantes-pro-e-contra-lula-fazem-ato-em-frente-ao-stf","status":"publish","type":"post","link":"https:\/\/goiasemtempo.com.br\/home\/manifestantes-pro-e-contra-lula-fazem-ato-em-frente-ao-stf\/","title":{"rendered":"Manifestantes pr\u00f3 e contra Lula fazem ato em frente ao STF"},"content":{"rendered":"<p>Cerca de 350 manifestantes a favor e contra a pris\u00e3o do ex-presidente Luiz In\u00e1cio Lula da Silva est\u00e3o em frente do Supremo Tribunal Federal (STF), na Pra\u00e7a dos Tr\u00eas Poderes, acompanhando o julgamento do habeas corpus preventivo de Lula, que ocorre na tarde desta quinta-feira (22).<\/p>\n<p>Os apoiadores do ex-presidente s\u00e3o mais numerosos, com cerca de 300 pessoas, segundo estimativa da Pol\u00edcia Militar do Distrito Federal (PMDF). J\u00e1 integrantes de movimentos que pedem a pris\u00e3o de Lula somam cerca de 50 pessoas.<\/p>\n<p>A deputada federal \u00c9rika Kokay, presidente do PT no DF, diz esperar que o STF garanta o respeito \u00e0 presun\u00e7\u00e3o de inoc\u00eancia de Lula, que ainda tem possibilidade de recorrer em inst\u00e2ncias superiores contra a condena\u00e7\u00e3o imposta em segunda inst\u00e2ncia pelo Tribunal Regional Federal da 4\u00aa Regi\u00e3o (TRF4), no dia 24 de janeiro. Acolher esse habeas corpus \u00e9 o Supremo dar uma demonstra\u00e7\u00e3o de que respeita a lei maior do pa\u00eds, que \u00e9 a Constitui\u00e7\u00e3o Federal, afirmou a deputada, presente \u00e0 manifesta\u00e7\u00e3o. A petista ainda acrescentou que o partido n\u00e3o vai aceitar passivamente o que considera ser um golpe de toga, caso a Corte rejeite o pedido do ex-presidente para n\u00e3o ser preso.<\/p>\n<p>N\u00f3s lutamos para que o Supremo garantisse o cumprimento de pris\u00e3o ap\u00f3s condena\u00e7\u00e3o em segunda inst\u00e2ncia. Agora, o que estamos vendo \u00e9 a tentativa de reverter esse entendimento simplesmente para livrar Lula da pris\u00e3o. Lula \u00e9 um condenado da Justi\u00e7a e precisa cumprir pena, criticou Ray Alves, integrante do grupo Rua Brasil. Segundo ela, militantes do movimento est\u00e3o acampados na porta do do STF desde ter\u00e7a-feira (20) para pressionar os ministros. Deixamos nossos afazeres para cobrar que a Justi\u00e7a tem que valer para todos, completou.<\/p>\n<p>Entenda o caso<\/p>\n<p>Em janeiro, a 8\u00aa Turma do Tribunal Regional Federal da 4\u00aa Regi\u00e3o (TRF4), sediado em Porto Alegre, condenou o ex-presidente \u00e0 pena de 12 anos e um m\u00eas de pris\u00e3o em regime inicialmente fechado no caso do triplex de Guaruj\u00e1 (SP). O tribunal \u00e9 respons\u00e1vel por analisar os processos da Opera\u00e7\u00e3o Lava Jato em segunda inst\u00e2ncia. No julgamento, desembargadores decidiram que a pena dever\u00e1 ser cumprida quando n\u00e3o couber mais recurso ao TRF4. O \u00fanico recurso poss\u00edvel j\u00e1 foi apresentado e ser\u00e1 julgado na pr\u00f3xima segunda-feira (26).<\/p>\n<p>A defesa do ex-presidente, por\u00e9m, recorreu ao STF pedindo que Lula s\u00f3 seja preso quando n\u00e3o couber recurso a mais nenhuma inst\u00e2ncia da Justi\u00e7a, ou seja, quando o processo transitar em julgado.<\/p>\n<p>Em 2016, a maioria dos ministros do STF entendeu que a pena pode come\u00e7ar a ser cumprida ap\u00f3s condena\u00e7\u00e3o na segunda inst\u00e2ncia da Justi\u00e7a.<\/p>\n<p>Edi\u00e7\u00e3o: Carolina Pimentel<\/p>\n","protected":false},"excerpt":{"rendered":"<p>Cerca de 350 manifestantes a favor e contra a pris\u00e3o do ex-presidente Luiz In\u00e1cio Lula da Silva est\u00e3o em frente do Supremo Tribunal Federal (STF), na Pra\u00e7a dos Tr\u00eas Poderes, acompanhando o julgamento do habeas corpus preventivo de Lula, que ocorre na tarde desta quinta-feira (22). Os apoiadores do ex-presidente s\u00e3o mais numerosos, com cerca &hellip;<\/p>\n","protected":false},"author":2,"featured_media":30551,"comment_status":"open","ping_status":"open","sticky":false,"template":"","format":"standard","meta":{"footnotes":""},"categories":[4],"tags":[],"class_list":["post-31054","post","type-post","status-publish","format-standard","has-post-thumbnail","hentry","category-ultimas-noticias"],"_links":{"self":[{"href":"https:\/\/goiasemtempo.com.br\/home\/wp-json\/wp\/v2\/posts\/31054","targetHints":{"allow":["GET"]}}],"collection":[{"href":"https:\/\/goiasemtempo.com.br\/home\/wp-json\/wp\/v2\/posts"}],"about":[{"href":"https:\/\/goiasemtempo.com.br\/home\/wp-json\/wp\/v2\/types\/post"}],"author":[{"embeddable":true,"href":"https:\/\/goiasemtempo.com.br\/home\/wp-json\/wp\/v2\/users\/2"}],"replies":[{"embeddable":true,"href":"https:\/\/goiasemtempo.com.br\/home\/wp-json\/wp\/v2\/comments?post=31054"}],"version-history":[{"count":1,"href":"https:\/\/goiasemtempo.com.br\/home\/wp-json\/wp\/v2\/posts\/31054\/revisions"}],"predecessor-version":[{"id":31055,"href":"https:\/\/goiasemtempo.com.br\/home\/wp-json\/wp\/v2\/posts\/31054\/revisions\/31055"}],"wp:featuredmedia":[{"embeddable":true,"href":"https:\/\/goiasemtempo.com.br\/home\/wp-json\/wp\/v2\/media\/30551"}],"wp:attachment":[{"href":"https:\/\/goiasemtempo.com.br\/home\/wp-json\/wp\/v2\/media?parent=31054"}],"wp:term":[{"taxonomy":"category","embeddable":true,"href":"https:\/\/goiasemtempo.com.br\/home\/wp-json\/wp\/v2\/categories?post=31054"},{"taxonomy":"post_tag","embeddable":true,"href":"https:\/\/goiasemtempo.com.br\/home\/wp-json\/wp\/v2\/tags?post=31054"}],"curies":[{"name":"wp","href":"https:\/\/api.w.org\/{rel}","templated":true}]}}