{"id":31028,"date":"2018-03-23T21:56:24","date_gmt":"2018-03-23T21:56:24","guid":{"rendered":"https:\/\/goiasemtempo.com.br\/home\/?p=31028"},"modified":"2018-03-23T21:56:24","modified_gmt":"2018-03-23T21:56:24","slug":"recuperacao-de-recursos-da-divida-ativa-bate-recorde-em-2017","status":"publish","type":"post","link":"https:\/\/goiasemtempo.com.br\/home\/recuperacao-de-recursos-da-divida-ativa-bate-recorde-em-2017\/","title":{"rendered":"Recupera\u00e7\u00e3o de recursos da d\u00edvida ativa bate recorde em 2017"},"content":{"rendered":"<p>A recupera\u00e7\u00e3o de recursos que estavam na d\u00edvida ativa bateu recorde no ano passado. Segundo n\u00fameros divulgados hoje (20) pela Procuradoria-Geral da Fazenda Nacional (PGFN), a Uni\u00e3o conseguiu reaver R$ 33,6 bilh\u00f5es em 2017.<\/p>\n<p>Desse total, R$ 26,1 bilh\u00f5es referem-se a cobran\u00e7as administrativas da d\u00edvida ativa. A alta deveu-se principalmente ao Programa Especial de Recupera\u00e7\u00e3o Tribut\u00e1ria (Pert), tamb\u00e9m conhecido como Refis da Crise, e pela moderniza\u00e7\u00e3o no sistema de cobran\u00e7a. A renegocia\u00e7\u00e3o especial de d\u00e9bitos de pessoas f\u00edsicas e jur\u00eddicas com a Uni\u00e3o rendeu R$ 26,3 bilh\u00f5es no ano passado, dos quais R$ 7,6 bilh\u00f5es referem-se \u00e0 d\u00edvida ativa.<\/p>\n<p>De acordo com a Procuradoria, 53,7% do dinheiro recuperado administrativamente v\u00eam de cr\u00e9ditos tribut\u00e1rios (tributos n\u00e3o pagos), 22% de d\u00edvidas com a Previd\u00eancia Social e 20,3% de dep\u00f3sitos judiciais (dinheiro depositado em ju\u00edzo). Os R$ 7,5 bilh\u00f5es restantes que comp\u00f5em os R$ 33,6 bilh\u00f5es foram recuperados por meio de a\u00e7\u00f5es judiciais vencidas pela Uni\u00e3o.<\/p>\n<p>Segundo o balan\u00e7o, a atua\u00e7\u00e3o dos procuradores em processos judiciais e extrajudiciais evitou perdas de R$ 603,2 bilh\u00f5es para a Uni\u00e3o em 2017. Desse total, R$ 464,2 bilh\u00f5es dizem respeito a a\u00e7\u00f5es que tramitavam no Supremo Tribunal Federal (STF), R$ 119 bilh\u00f5es referiam-se a processos no Conselho Administrativo de Recursos Fiscais (Carf) e R$ 20 bilh\u00f5es a causas no Superior Tribunal de Justi\u00e7a (STJ).<\/p>\n<p>Edi\u00e7\u00e3o: Fernando Fraga<\/p>\n","protected":false},"excerpt":{"rendered":"<p>A recupera\u00e7\u00e3o de recursos que estavam na d\u00edvida ativa bateu recorde no ano passado. Segundo n\u00fameros divulgados hoje (20) pela Procuradoria-Geral da Fazenda Nacional (PGFN), a Uni\u00e3o conseguiu reaver R$ 33,6 bilh\u00f5es em 2017. Desse total, R$ 26,1 bilh\u00f5es referem-se a cobran\u00e7as administrativas da d\u00edvida ativa. A alta deveu-se principalmente ao Programa Especial de Recupera\u00e7\u00e3o &hellip;<\/p>\n","protected":false},"author":2,"featured_media":30538,"comment_status":"open","ping_status":"open","sticky":false,"template":"","format":"standard","meta":{"footnotes":""},"categories":[4],"tags":[],"class_list":["post-31028","post","type-post","status-publish","format-standard","has-post-thumbnail","hentry","category-ultimas-noticias"],"_links":{"self":[{"href":"https:\/\/goiasemtempo.com.br\/home\/wp-json\/wp\/v2\/posts\/31028","targetHints":{"allow":["GET"]}}],"collection":[{"href":"https:\/\/goiasemtempo.com.br\/home\/wp-json\/wp\/v2\/posts"}],"about":[{"href":"https:\/\/goiasemtempo.com.br\/home\/wp-json\/wp\/v2\/types\/post"}],"author":[{"embeddable":true,"href":"https:\/\/goiasemtempo.com.br\/home\/wp-json\/wp\/v2\/users\/2"}],"replies":[{"embeddable":true,"href":"https:\/\/goiasemtempo.com.br\/home\/wp-json\/wp\/v2\/comments?post=31028"}],"version-history":[{"count":1,"href":"https:\/\/goiasemtempo.com.br\/home\/wp-json\/wp\/v2\/posts\/31028\/revisions"}],"predecessor-version":[{"id":31029,"href":"https:\/\/goiasemtempo.com.br\/home\/wp-json\/wp\/v2\/posts\/31028\/revisions\/31029"}],"wp:featuredmedia":[{"embeddable":true,"href":"https:\/\/goiasemtempo.com.br\/home\/wp-json\/wp\/v2\/media\/30538"}],"wp:attachment":[{"href":"https:\/\/goiasemtempo.com.br\/home\/wp-json\/wp\/v2\/media?parent=31028"}],"wp:term":[{"taxonomy":"category","embeddable":true,"href":"https:\/\/goiasemtempo.com.br\/home\/wp-json\/wp\/v2\/categories?post=31028"},{"taxonomy":"post_tag","embeddable":true,"href":"https:\/\/goiasemtempo.com.br\/home\/wp-json\/wp\/v2\/tags?post=31028"}],"curies":[{"name":"wp","href":"https:\/\/api.w.org\/{rel}","templated":true}]}}