{"id":30945,"date":"2018-03-23T21:30:50","date_gmt":"2018-03-23T21:30:50","guid":{"rendered":"https:\/\/goiasemtempo.com.br\/home\/?p=30945"},"modified":"2018-03-23T21:30:50","modified_gmt":"2018-03-23T21:30:50","slug":"maioria-do-stf-vota-contra-doacao-oculta-para-campanha-eleitoral","status":"publish","type":"post","link":"https:\/\/goiasemtempo.com.br\/home\/maioria-do-stf-vota-contra-doacao-oculta-para-campanha-eleitoral\/","title":{"rendered":"Maioria do STF vota contra doa\u00e7\u00e3o oculta para campanha eleitoral"},"content":{"rendered":"<p>O plen\u00e1rio do Supremo Tribunal Federal (STF) decidiu hoje (21), por 9 votos a 0, que as doa\u00e7\u00f5es feitas por pessoas f\u00edsicas para campanhas eleitorais n\u00e3o podem ser ocultas, precisando ser sempre identificadas, inclusive nas transfer\u00eancias entre partidos e candidatos.<\/p>\n<p>Na a\u00e7\u00e3o direta de inconstitucionalidade (ADI), a Ordem dos Advogados do Brasil (OAB) questionou um dos artigos da reforma eleitoral de 2015, segundo o qual os valores transferidos pelos partidos pol\u00edticos oriundos de doa\u00e7\u00f5es ser\u00e3o registrados na presta\u00e7\u00e3o de contas dos candidatos como transfer\u00eancia dos partidos e, na presta\u00e7\u00e3o de contas dos partidos, como transfer\u00eancia aos candidatos, sem individualiza\u00e7\u00e3o dos doadores.<\/p>\n<p>Os ministros Edson Fachin, Lu\u00eds Roberto Barroso, Rosa Weber, Dias Toffoli, Luiz Fux, Ricardo Lewandowski, Gilmar Mendes e Marco Aur\u00e9lio Mello acompanharam o entendimento do relator da a\u00e7\u00e3o, ministro Alexandre de Moraes, para quem o ocultamento da identidade dos doadores, sob qualquer hip\u00f3tese, violaria princ\u00edpios republicanos de transpar\u00eancia e impediria o cidad\u00e3o de tomar decis\u00e3o esclarecida sobre o voto. <\/p>\n<p>Para Moraes, se a doa\u00e7\u00e3o oculta fosse permitida, se estaria permitindo tamb\u00e9m a \u201catua\u00e7\u00e3o invis\u00edvel desses atores conhecidos como grupos de press\u00e3o, ou, sem conota\u00e7\u00e3o pejorativa, lobistas, que n\u00e3o t\u00eam a responsabilidade pol\u00edtico-institucional pelas decis\u00f5es que ser\u00e3o tomadas, n\u00e3o tem tamb\u00e9m esse v\u00ednculo\u201d.<\/p>\n<p>Caso fosse aprovada, a doa\u00e7\u00e3o oculta iria contribuir para uma \u201cinflu\u00eancia desproporcional do poder econ\u00f4mico nas elei\u00e7\u00f5es\u201d, concordou Fux.<\/p>\n<p>Apesar de votar com a maioria, Gilmar Mendes proferiu um longo voto no qual voltou a criticar o que chamou de \u201cdesastrosa\u201d decis\u00e3o do Supremo, tomada em 2015, de proibir as doa\u00e7\u00f5es eleitorais por empresas. Ele defendeu a separa\u00e7\u00e3o dos poderes e o respeito ao que for decidido pelo Legislativo.<\/p>\n<p>Reforma pol\u00edtica feita pelo Judici\u00e1rio leva a problemas e a cat\u00e1strofes. Est\u00e1 evidente tamb\u00e9m no debate que se travou quanto \u00e0 doa\u00e7\u00e3o de empresas privadas. O resultado est\u00e1 a\u00ed. Nenhuma d\u00favida em rela\u00e7\u00e3o a isso, disse Mendes. Ainda assim, ele afirmou ser indubit\u00e1vel que as doa\u00e7\u00f5es ocultas seriam inconstitucionais e tamb\u00e9m acompanhou o relator.<\/p>\n<p>O julgamento foi suspenso restando os votos somente de Celso de Mello e da presidente do STF, ministra C\u00e1rmen L\u00facia, que disse que a an\u00e1lise da a\u00e7\u00e3o ser\u00e1 retomada logo no in\u00edcio da sess\u00e3o de quinta-feira (22).<\/p>\n<p>Edi\u00e7\u00e3o: Denise Griesinger<\/p>\n","protected":false},"excerpt":{"rendered":"<p>O plen\u00e1rio do Supremo Tribunal Federal (STF) decidiu hoje (21), por 9 votos a 0, que as doa\u00e7\u00f5es feitas por pessoas f\u00edsicas para campanhas eleitorais n\u00e3o podem ser ocultas, precisando ser sempre identificadas, inclusive nas transfer\u00eancias entre partidos e candidatos. Na a\u00e7\u00e3o direta de inconstitucionalidade (ADI), a Ordem dos Advogados do Brasil (OAB) questionou um &hellip;<\/p>\n","protected":false},"author":2,"featured_media":30499,"comment_status":"open","ping_status":"open","sticky":false,"template":"","format":"standard","meta":{"footnotes":""},"categories":[4],"tags":[],"class_list":["post-30945","post","type-post","status-publish","format-standard","has-post-thumbnail","hentry","category-ultimas-noticias"],"_links":{"self":[{"href":"https:\/\/goiasemtempo.com.br\/home\/wp-json\/wp\/v2\/posts\/30945","targetHints":{"allow":["GET"]}}],"collection":[{"href":"https:\/\/goiasemtempo.com.br\/home\/wp-json\/wp\/v2\/posts"}],"about":[{"href":"https:\/\/goiasemtempo.com.br\/home\/wp-json\/wp\/v2\/types\/post"}],"author":[{"embeddable":true,"href":"https:\/\/goiasemtempo.com.br\/home\/wp-json\/wp\/v2\/users\/2"}],"replies":[{"embeddable":true,"href":"https:\/\/goiasemtempo.com.br\/home\/wp-json\/wp\/v2\/comments?post=30945"}],"version-history":[{"count":1,"href":"https:\/\/goiasemtempo.com.br\/home\/wp-json\/wp\/v2\/posts\/30945\/revisions"}],"predecessor-version":[{"id":30946,"href":"https:\/\/goiasemtempo.com.br\/home\/wp-json\/wp\/v2\/posts\/30945\/revisions\/30946"}],"wp:featuredmedia":[{"embeddable":true,"href":"https:\/\/goiasemtempo.com.br\/home\/wp-json\/wp\/v2\/media\/30499"}],"wp:attachment":[{"href":"https:\/\/goiasemtempo.com.br\/home\/wp-json\/wp\/v2\/media?parent=30945"}],"wp:term":[{"taxonomy":"category","embeddable":true,"href":"https:\/\/goiasemtempo.com.br\/home\/wp-json\/wp\/v2\/categories?post=30945"},{"taxonomy":"post_tag","embeddable":true,"href":"https:\/\/goiasemtempo.com.br\/home\/wp-json\/wp\/v2\/tags?post=30945"}],"curies":[{"name":"wp","href":"https:\/\/api.w.org\/{rel}","templated":true}]}}