{"id":30925,"date":"2018-03-23T21:24:16","date_gmt":"2018-03-23T21:24:16","guid":{"rendered":"https:\/\/goiasemtempo.com.br\/home\/?p=30925"},"modified":"2018-03-23T21:24:16","modified_gmt":"2018-03-23T21:24:16","slug":"governo-apresenta-resultados-das-acoes-de-regularizacao-fundiaria-ao-ministerio-publico","status":"publish","type":"post","link":"https:\/\/goiasemtempo.com.br\/home\/governo-apresenta-resultados-das-acoes-de-regularizacao-fundiaria-ao-ministerio-publico\/","title":{"rendered":"Governo apresenta resultados das a\u00e7\u00f5es de regulariza\u00e7\u00e3o fundi\u00e1ria ao Minist\u00e9rio P\u00fablico"},"content":{"rendered":"<p>Parcerias institucionais s\u00e3o fundamentais no processo de desenvolvimento social. Nesta segunda-feira, 19, o governo do Estado, por meio do Instituto de Terras do Acre (Iteracre), apresentou ao Centro de Apoio Operacional de Defesa do Meio Ambiente, Patrim\u00f4nio Hist\u00f3rico-cultural, Habita\u00e7\u00e3o e Urbanismo, coordenado pela procuradora de justi\u00e7a do Minist\u00e9rio P\u00fablico Estadual (MPE), Rita de C\u00e1ssia Nogueira, os resultados e desafios da pol\u00edtica de regulariza\u00e7\u00e3o fundi\u00e1ria.<\/p>\n<p>O encontro, que reuniu os gestores das duas institui\u00e7\u00f5es, promoveu a integra\u00e7\u00e3o e troca de informa\u00e7\u00f5es entre os \u00f3rg\u00e3os. Entre 2011 e mar\u00e7o deste ano, o Programa Estadual de Regulariza\u00e7\u00e3o Fundi\u00e1ria contemplou quase 46 mil fam\u00edlias, nos 22 munic\u00edpios acreanos.<\/p>\n<p>At\u00e9 o final do ano, a gest\u00e3o estadual pretende ultrapassar a marca de mais 60 mil t\u00edtulos de propriedades entregues, gratuitamente, aos cidad\u00e3os acreanos.<\/p>\n<p>Segundo a procuradora, Rita de C\u00e1ssia Nogueira, \u00e9 papel do Minist\u00e9rio P\u00fablico assegurar direitos \u00e0 popula\u00e7\u00e3o. \u201cO MP atua na transforma\u00e7\u00e3o da sociedade. Sabemos que, por ser oneroso, \u00e9 o processo de regulariza\u00e7\u00e3o fundi\u00e1ria \u00e9 complexo, por isso, juntos, queremos assegurar uma cidade mais inclusiva para todos\u201d, destacou.<\/p>\n<p>A regulariza\u00e7\u00e3o fundi\u00e1ria de um bairro \u00e9 realizada mediante as a\u00e7\u00f5es de infraestrutura: esgoto, saneamento e \u00e1gua tratada. Cada t\u00edtulo custaria cerca de R$ 10 mil para o propriet\u00e1rio. Com a pol\u00edtica de governo, o documento sai a custo zero.<\/p>\n<p>Nil Figueiredo, diretor-presidente do Iteracre, explicou que a parceria visa fortalecer as a\u00e7\u00f5es em todo o estado. \u201cApresentamos o nosso planejamento para que juntos possamos aperfei\u00e7oar as ferramentas de trabalho\u201d, salientou.<\/p>\n","protected":false},"excerpt":{"rendered":"<p>Parcerias institucionais s\u00e3o fundamentais no processo de desenvolvimento social. Nesta segunda-feira, 19, o governo do Estado, por meio do Instituto de Terras do Acre (Iteracre), apresentou ao Centro de Apoio Operacional de Defesa do Meio Ambiente, Patrim\u00f4nio Hist\u00f3rico-cultural, Habita\u00e7\u00e3o e Urbanismo, coordenado pela procuradora de justi\u00e7a do Minist\u00e9rio P\u00fablico Estadual (MPE), Rita de C\u00e1ssia Nogueira, &hellip;<\/p>\n","protected":false},"author":2,"featured_media":30489,"comment_status":"open","ping_status":"open","sticky":false,"template":"","format":"standard","meta":{"footnotes":""},"categories":[4],"tags":[],"class_list":["post-30925","post","type-post","status-publish","format-standard","has-post-thumbnail","hentry","category-ultimas-noticias"],"_links":{"self":[{"href":"https:\/\/goiasemtempo.com.br\/home\/wp-json\/wp\/v2\/posts\/30925","targetHints":{"allow":["GET"]}}],"collection":[{"href":"https:\/\/goiasemtempo.com.br\/home\/wp-json\/wp\/v2\/posts"}],"about":[{"href":"https:\/\/goiasemtempo.com.br\/home\/wp-json\/wp\/v2\/types\/post"}],"author":[{"embeddable":true,"href":"https:\/\/goiasemtempo.com.br\/home\/wp-json\/wp\/v2\/users\/2"}],"replies":[{"embeddable":true,"href":"https:\/\/goiasemtempo.com.br\/home\/wp-json\/wp\/v2\/comments?post=30925"}],"version-history":[{"count":1,"href":"https:\/\/goiasemtempo.com.br\/home\/wp-json\/wp\/v2\/posts\/30925\/revisions"}],"predecessor-version":[{"id":30926,"href":"https:\/\/goiasemtempo.com.br\/home\/wp-json\/wp\/v2\/posts\/30925\/revisions\/30926"}],"wp:featuredmedia":[{"embeddable":true,"href":"https:\/\/goiasemtempo.com.br\/home\/wp-json\/wp\/v2\/media\/30489"}],"wp:attachment":[{"href":"https:\/\/goiasemtempo.com.br\/home\/wp-json\/wp\/v2\/media?parent=30925"}],"wp:term":[{"taxonomy":"category","embeddable":true,"href":"https:\/\/goiasemtempo.com.br\/home\/wp-json\/wp\/v2\/categories?post=30925"},{"taxonomy":"post_tag","embeddable":true,"href":"https:\/\/goiasemtempo.com.br\/home\/wp-json\/wp\/v2\/tags?post=30925"}],"curies":[{"name":"wp","href":"https:\/\/api.w.org\/{rel}","templated":true}]}}