{"id":30895,"date":"2018-03-23T21:14:27","date_gmt":"2018-03-23T21:14:27","guid":{"rendered":"https:\/\/goiasemtempo.com.br\/home\/?p=30895"},"modified":"2018-03-23T21:14:27","modified_gmt":"2018-03-23T21:14:27","slug":"encontro-reune-representantes-de-municipios-da-fronteira-brasil-bolivia","status":"publish","type":"post","link":"https:\/\/goiasemtempo.com.br\/home\/encontro-reune-representantes-de-municipios-da-fronteira-brasil-bolivia\/","title":{"rendered":"Encontro re\u00fane representantes de munic\u00edpios da fronteira Brasil-Bol\u00edvia"},"content":{"rendered":"<p>O Comit\u00ea Estadual para o Desenvolvimento e Integra\u00e7\u00e3o das Pol\u00edticas P\u00fablicas na Faixa de Fronteira do Estado de Mato Grosso \u2013 CEFF\/MT reuniu neste m\u00eas em San Ign\u00e1cio de Velasco, na Bol\u00edvia, representantes de munic\u00edpios mato-grossenses e bolivianos num encontro para promover estrat\u00e9gias de integra\u00e7\u00e3o, desenvolvimento e fortalecimento da e fortalecer os munic\u00edpios fronteiri\u00e7os.<\/p>\n<p>O 2\u00ba Encontro dos Munic\u00edpios de Fronteira Mato Grosso\/Brasil e Santa Cruz\/Bol\u00edvia, organizado pelo Gabinete de Desenvolvimento Regional de Mato Grosso teve como objetivo debater quest\u00f5es que impactam diretamente nas a\u00e7\u00f5es de infraestrutura, transporte, aduana, com\u00e9rcio, migra\u00e7\u00e3o, seguran\u00e7a na fronteira, cultura, turismo e coopera\u00e7\u00e3o produtiva agropecu\u00e1ria.<\/p>\n<p>O encontro resultou na Carta de San Ign\u00e1cio de Velasco, que detalha compromissos firmados entre os presentes para  solu\u00e7\u00f5es integradas para os problemas fronteiri\u00e7os.<\/p>\n<p>O pr\u00f3ximo Encontro dos Munic\u00edpios de Fronteira ser\u00e1 realizado nos dias 06 e 07 de junho, em C\u00e1ceres.<\/p>\n<p>Participaram do encontro representantes dos Gabinetes de Articula\u00e7\u00e3o e Desenvolvimento Regional e de Governo do Estado de Mato Grosso, Governo Aut\u00f4nomo Departamental de Santa Cruz, Embaixada da Bol\u00edvia no Brasil, Governo Aut\u00f4nomo Municipal de San Ign\u00e1cio de Velasco e San Matias, prefeito, vice-prefeito e vereadores de Vila Bela da Sant\u00edssima Trindade, secret\u00e1ria de Planejamento de C\u00e1ceres e diversos segmentos da sociedade, incluindo sindicatos, entidades pol\u00edticas regionais e associa\u00e7\u00f5es de pecuaristas.<\/p>\n","protected":false},"excerpt":{"rendered":"<p>O Comit\u00ea Estadual para o Desenvolvimento e Integra\u00e7\u00e3o das Pol\u00edticas P\u00fablicas na Faixa de Fronteira do Estado de Mato Grosso \u2013 CEFF\/MT reuniu neste m\u00eas em San Ign\u00e1cio de Velasco, na Bol\u00edvia, representantes de munic\u00edpios mato-grossenses e bolivianos num encontro para promover estrat\u00e9gias de integra\u00e7\u00e3o, desenvolvimento e fortalecimento da e fortalecer os munic\u00edpios fronteiri\u00e7os. O &hellip;<\/p>\n","protected":false},"author":2,"featured_media":30474,"comment_status":"open","ping_status":"open","sticky":false,"template":"","format":"standard","meta":{"_exactmetrics_skip_tracking":false,"_exactmetrics_sitenote_active":false,"_exactmetrics_sitenote_note":"","_exactmetrics_sitenote_category":0,"footnotes":""},"categories":[4],"tags":[],"_links":{"self":[{"href":"https:\/\/goiasemtempo.com.br\/home\/wp-json\/wp\/v2\/posts\/30895"}],"collection":[{"href":"https:\/\/goiasemtempo.com.br\/home\/wp-json\/wp\/v2\/posts"}],"about":[{"href":"https:\/\/goiasemtempo.com.br\/home\/wp-json\/wp\/v2\/types\/post"}],"author":[{"embeddable":true,"href":"https:\/\/goiasemtempo.com.br\/home\/wp-json\/wp\/v2\/users\/2"}],"replies":[{"embeddable":true,"href":"https:\/\/goiasemtempo.com.br\/home\/wp-json\/wp\/v2\/comments?post=30895"}],"version-history":[{"count":1,"href":"https:\/\/goiasemtempo.com.br\/home\/wp-json\/wp\/v2\/posts\/30895\/revisions"}],"predecessor-version":[{"id":30896,"href":"https:\/\/goiasemtempo.com.br\/home\/wp-json\/wp\/v2\/posts\/30895\/revisions\/30896"}],"wp:featuredmedia":[{"embeddable":true,"href":"https:\/\/goiasemtempo.com.br\/home\/wp-json\/wp\/v2\/media\/30474"}],"wp:attachment":[{"href":"https:\/\/goiasemtempo.com.br\/home\/wp-json\/wp\/v2\/media?parent=30895"}],"wp:term":[{"taxonomy":"category","embeddable":true,"href":"https:\/\/goiasemtempo.com.br\/home\/wp-json\/wp\/v2\/categories?post=30895"},{"taxonomy":"post_tag","embeddable":true,"href":"https:\/\/goiasemtempo.com.br\/home\/wp-json\/wp\/v2\/tags?post=30895"}],"curies":[{"name":"wp","href":"https:\/\/api.w.org\/{rel}","templated":true}]}}