{"id":30819,"date":"2018-03-23T20:38:23","date_gmt":"2018-03-23T20:38:23","guid":{"rendered":"https:\/\/goiasemtempo.com.br\/home\/?p=30819"},"modified":"2018-03-23T20:38:23","modified_gmt":"2018-03-23T20:38:23","slug":"nova-gestao-do-hospital-regional-melhora-atendimento-para-populacao","status":"publish","type":"post","link":"https:\/\/goiasemtempo.com.br\/home\/nova-gestao-do-hospital-regional-melhora-atendimento-para-populacao\/","title":{"rendered":"Nova gest\u00e3o do Hospital Regional melhora atendimento para popula\u00e7\u00e3o"},"content":{"rendered":"<p>O Hospital Regional Irm\u00e3 Elza Giovanella \u00e9 administrado por uma nova gest\u00e3o h\u00e1 pouco mais de cinco meses. Desde ent\u00e3o, v\u00e1rias mudan\u00e7as na infraestrutura e no atendimento do hospital foram implantadas, melhorando a qualidade dos servi\u00e7os prestados e gerando satisfa\u00e7\u00e3o para os pacientes e colaboradores.<\/p>\n<p>O diretor administrativo, Carlos Andr\u00e9 dos Anjos, \u00e9 servidor de carreira e trabalha no Hospital h\u00e1 mais de dezesseis anos, exercendo diversas fun\u00e7\u00f5es ao longo do tempo, como coordenador de patrim\u00f4nio e manuten\u00e7\u00e3o. \u201cEu percebo que o Hospital tem maior resolutividade em cirurgias e atendimento com foco no paciente. Alguns servi\u00e7os foram terceirizados, como limpeza e alimenta\u00e7\u00e3o, trazendo mais objetividade\u201d, destaca.<\/p>\n<p>Hoje quem chega ao hospital em busca de atendimento tamb\u00e9m encontra equipamentos funcionando perfeitamente, gra\u00e7as ao trabalho do setor de Engenharia Cl\u00ednica e Hospitalar, rec\u00e9m-implantado no hospital. Ant\u00f4nio Carlos Silvestre precisou fazer um raio-x do ombro esquerdo e disse que achou a estrutura \u00f3tima. \u201cJ\u00e1 passei por outra unidade em que o equipamento al\u00e9m de estar quebrado, n\u00e3o tinha cuidado com os pacientes, tudo muito jogado. Aqui n\u00e3o, a gente v\u00ea que tem um comprometimento com a qualidade dos equipamentos, com o atendimento, que n\u00e3o tratam a gente de qualquer forma. Foi assim comigo e vi outras pessoas sendo bem atendidas tamb\u00e9m, muito bom mesmo\u201d, elogiou.<\/p>\n<p>Uma das principais mudan\u00e7as \u00e9 a disponibilidade dos equipamentos para uso, atrav\u00e9s de rotinas de manuten\u00e7\u00e3o preventiva e calibra\u00e7\u00e3o. \u201cConseguimos com efici\u00eancia disponibilizar a maioria do parque tecnol\u00f3gico para uso em diversos procedimentos\u201d, explica o coordenador t\u00e9cnico de manuten\u00e7\u00e3o e engenheiro Hugo Faleiro. \u201cNossa fun\u00e7\u00e3o tamb\u00e9m \u00e9 analisar as tecnologias existentes e definir as especifica\u00e7\u00f5es t\u00e9cnicas detalhadas dos equipamentos para aquisi\u00e7\u00e3o e repassar para o departamento de compras da unidade\u201d, completou.<\/p>\n<p>\u201cCom a nova administra\u00e7\u00e3o conseguimos dar uma resposta r\u00e1pida tamb\u00e9m para todos os setores que precisam de manuten\u00e7\u00e3o, ficou muito mais \u00e1gil a parte el\u00e9trica e a manuten\u00e7\u00e3o civil tamb\u00e9m, \u00e9 muito bom poder trabalhar para melhorar a organiza\u00e7\u00e3o do Hospital\u201d, conta o t\u00e9cnico em seguran\u00e7a do trabalho, Anderson Nonato.<\/p>\n<p>Servi\u00e7os<\/p>\n<p>A terceiriza\u00e7\u00e3o de servi\u00e7os como seguran\u00e7a, limpeza, lavanderia, manuten\u00e7\u00e3o predial, engenharia cl\u00ednica e cozinha, melhorou a qualidade dos servi\u00e7os. O refeit\u00f3rio foi totalmente reformado e agora no local s\u00e3o servidas refei\u00e7\u00f5es balanceadas indicadas por nutricionistas. Erotides da Cunha esta acompanhando a m\u00e3e, que est\u00e1 internada no hospital e disse que a qualidade das refei\u00e7\u00f5es servidas n\u00e3o deixa nada a desejar comparada \u00e0 que ela faz em casa. \u201cParece que estou em casa comendo a minha comida, e n\u00e3o s\u00f3 a comida, mas o atendimento de todos \u00e9 maravilhoso\u201d, conta.<\/p>\n<p>\u201cO cuidado com a alimenta\u00e7\u00e3o, desde a sele\u00e7\u00e3o dos fornecedores at\u00e9 a distribui\u00e7\u00e3o e a satisfa\u00e7\u00e3o de quem recebe nossos alimentos nos motiva a fazer cada dia melhor\u201d, diz a respons\u00e1vel t\u00e9cnica pela cozinha, Soraya Portela Gomes Paim.<\/p>\n<p>\u201cA limpeza tamb\u00e9m est\u00e1 de nota dez, hoje chegamos a um hospital cujo ch\u00e3o brilha, a higieniza\u00e7\u00e3o est\u00e1 impec\u00e1vel, as pessoas encontram um ambiente limpo e organizado. As roupas de cama s\u00e3o trocadas diariamente, len\u00e7\u00f3is sem manchas e com um cheiro de casa, dando um conforto ainda maior aos pacientes\u201d, completa o diretor administrativo Carlos Andr\u00e9 dos Anjos.<\/p>\n<p>Vanessa Duarte acompanhou o pai que est\u00e1 internado e diz que apesar do momento dif\u00edcil, est\u00e1 muito feliz com o atendimento. \u201cMeu pai ficou internado uma semana no Hospital Regional de Rondon\u00f3polis, e foi muito bem cuidado. S\u00f3 tenho que agradecer a todos, desde as mo\u00e7as que limpam o ch\u00e3o, aos recepcionistas, as pessoas que servem as refei\u00e7\u00f5es, as t\u00e9cnicas de enfermagem que s\u00e3o t\u00e3o carinhosas e atenciosas, a nutricionista, fisioterapeuta, psic\u00f3logas, assistente social, enfermeiros e o m\u00e9dico que nos acompanhou. \u00c9 t\u00e3o gratificante saber que ainda existem profissionais competentes e humanos, e isso enche meu cora\u00e7\u00e3o de satisfa\u00e7\u00e3o, porque j\u00e1 andei em v\u00e1rias institui\u00e7\u00f5es de sa\u00fade aqui e s\u00e3o poucas que tem esse amor e comprometimento com seus pacientes. Esse Hospital p\u00fablico foi pra mim um exemplo de acolhimento\u201d, afirmou.<\/p>\n<p>Tamb\u00e9m foi implantado um N\u00facleo Interno de Regula\u00e7\u00e3o, para verificar com mais precis\u00e3o os leitos que est\u00e3o dispon\u00edveis e agilizar o atendimento. <\/p>\n<p>Hoje no Hospital Regional Irm\u00e3 Elza Giovanella s\u00e3o atendidas as especialidades de ortopedia, neurologia, nefrologia, cl\u00ednica m\u00e9dica, cirurgia geral, urologia, radiologia, infectologia, otorrinolaringologia, buco-maxilo, cirurgias pl\u00e1sticas, cirurgia vascular e pediatria. S\u00e3o realizadas, mensalmente, em m\u00e9dia, 450 cirurgias, 2.600 atendimentos e 9.922 procedimentos como diagn\u00f3stico em laborat\u00f3rio cl\u00ednico, ultrassonografia, endoscopia, colonoscopia, diagn\u00f3stico por radiologia e procedimentos em hemoterapia.Em cinco meses, mudan\u00e7as no Hospital Regional de Rondon\u00f3polis s\u00e3o comemoradas pela popula\u00e7\u00e3o e colaboradores<\/p>\n","protected":false},"excerpt":{"rendered":"<p>O Hospital Regional Irm\u00e3 Elza Giovanella \u00e9 administrado por uma nova gest\u00e3o h\u00e1 pouco mais de cinco meses. Desde ent\u00e3o, v\u00e1rias mudan\u00e7as na infraestrutura e no atendimento do hospital foram implantadas, melhorando a qualidade dos servi\u00e7os prestados e gerando satisfa\u00e7\u00e3o para os pacientes e colaboradores. O diretor administrativo, Carlos Andr\u00e9 dos Anjos, \u00e9 servidor de &hellip;<\/p>\n","protected":false},"author":2,"featured_media":30454,"comment_status":"open","ping_status":"open","sticky":false,"template":"","format":"standard","meta":{"footnotes":""},"categories":[4],"tags":[],"class_list":["post-30819","post","type-post","status-publish","format-standard","has-post-thumbnail","hentry","category-ultimas-noticias"],"_links":{"self":[{"href":"https:\/\/goiasemtempo.com.br\/home\/wp-json\/wp\/v2\/posts\/30819","targetHints":{"allow":["GET"]}}],"collection":[{"href":"https:\/\/goiasemtempo.com.br\/home\/wp-json\/wp\/v2\/posts"}],"about":[{"href":"https:\/\/goiasemtempo.com.br\/home\/wp-json\/wp\/v2\/types\/post"}],"author":[{"embeddable":true,"href":"https:\/\/goiasemtempo.com.br\/home\/wp-json\/wp\/v2\/users\/2"}],"replies":[{"embeddable":true,"href":"https:\/\/goiasemtempo.com.br\/home\/wp-json\/wp\/v2\/comments?post=30819"}],"version-history":[{"count":1,"href":"https:\/\/goiasemtempo.com.br\/home\/wp-json\/wp\/v2\/posts\/30819\/revisions"}],"predecessor-version":[{"id":30820,"href":"https:\/\/goiasemtempo.com.br\/home\/wp-json\/wp\/v2\/posts\/30819\/revisions\/30820"}],"wp:featuredmedia":[{"embeddable":true,"href":"https:\/\/goiasemtempo.com.br\/home\/wp-json\/wp\/v2\/media\/30454"}],"wp:attachment":[{"href":"https:\/\/goiasemtempo.com.br\/home\/wp-json\/wp\/v2\/media?parent=30819"}],"wp:term":[{"taxonomy":"category","embeddable":true,"href":"https:\/\/goiasemtempo.com.br\/home\/wp-json\/wp\/v2\/categories?post=30819"},{"taxonomy":"post_tag","embeddable":true,"href":"https:\/\/goiasemtempo.com.br\/home\/wp-json\/wp\/v2\/tags?post=30819"}],"curies":[{"name":"wp","href":"https:\/\/api.w.org\/{rel}","templated":true}]}}