{"id":30801,"date":"2018-03-23T20:27:59","date_gmt":"2018-03-23T20:27:59","guid":{"rendered":"https:\/\/goiasemtempo.com.br\/home\/?p=30801"},"modified":"2018-03-23T20:27:59","modified_gmt":"2018-03-23T20:27:59","slug":"empreender-paraiba-lanca-segunda-edicao-da-fenemp","status":"publish","type":"post","link":"https:\/\/goiasemtempo.com.br\/home\/empreender-paraiba-lanca-segunda-edicao-da-fenemp\/","title":{"rendered":"Empreender Para\u00edba lan\u00e7a segunda edi\u00e7\u00e3o da Fenemp"},"content":{"rendered":"<p>O Governo do Estado, por meio do programa Empreender Para\u00edba, lan\u00e7a neste ano de 2018, a segunda edi\u00e7\u00e3o da Feira de Neg\u00f3cios e Empreendedorismo da Para\u00edba (Fenemp). A feira vai ocorrer nos meses de maio, julho, agosto e novembro de 2018 nos munic\u00edpios de Guarabira, Picu\u00ed, Campina Grande e Itaporanga.<\/p>\n<p>A Fenemp visa abrir espa\u00e7o para promover e partilhar experi\u00eancias empreendedoras entre os contemplados do programa. Na edi\u00e7\u00e3o de 2017, ocorrida em Jo\u00e3o Pessoa, S\u00e3o Bento, Bananeiras e Monteiro, o evento reuniu mais de 180 expositores das mais diversas \u00e1reas comercializando os seus produtos e servi\u00e7os. Tendo como principal objetivo despertar e desenvolver o pensamento empreendedor paraibano, a Fenemp tamb\u00e9m contou com palestras, oficinas e workshops com temas voltados para o empreendedorismo. A participa\u00e7\u00e3o \u00e9 gratuita.<\/p>\n<p>Os mutu\u00e1rios que j\u00e1 foram beneficiados com o cr\u00e9dito do Empreender PB e que desejem participar da feira como expositores, j\u00e1 podem realizar a sua inscri\u00e7\u00e3o atrav\u00e9s do formul\u00e1rio dispon\u00edvel no link: http:\/\/bit.ly\/2FLL5Hz.<\/p>\n<p>O Empreender Para\u00edba vai realizar com anteced\u00eancia a divulga\u00e7\u00e3o das datas, locais e programa\u00e7\u00e3o dos munic\u00edpios que sediar\u00e3o o evento. Mais informa\u00e7\u00f5es podem ser adquiridas pelo telefone 3612-9250 e atrav\u00e9s das redes sociais do programa no Facebook e Instagram @empreenderpb.<\/p>\n","protected":false},"excerpt":{"rendered":"<p>O Governo do Estado, por meio do programa Empreender Para\u00edba, lan\u00e7a neste ano de 2018, a segunda edi\u00e7\u00e3o da Feira de Neg\u00f3cios e Empreendedorismo da Para\u00edba (Fenemp). A feira vai ocorrer nos meses de maio, julho, agosto e novembro de 2018 nos munic\u00edpios de Guarabira, Picu\u00ed, Campina Grande e Itaporanga. A Fenemp visa abrir espa\u00e7o &hellip;<\/p>\n","protected":false},"author":2,"featured_media":30445,"comment_status":"open","ping_status":"open","sticky":false,"template":"","format":"standard","meta":{"_exactmetrics_skip_tracking":false,"_exactmetrics_sitenote_active":false,"_exactmetrics_sitenote_note":"","_exactmetrics_sitenote_category":0,"footnotes":""},"categories":[4],"tags":[],"_links":{"self":[{"href":"https:\/\/goiasemtempo.com.br\/home\/wp-json\/wp\/v2\/posts\/30801"}],"collection":[{"href":"https:\/\/goiasemtempo.com.br\/home\/wp-json\/wp\/v2\/posts"}],"about":[{"href":"https:\/\/goiasemtempo.com.br\/home\/wp-json\/wp\/v2\/types\/post"}],"author":[{"embeddable":true,"href":"https:\/\/goiasemtempo.com.br\/home\/wp-json\/wp\/v2\/users\/2"}],"replies":[{"embeddable":true,"href":"https:\/\/goiasemtempo.com.br\/home\/wp-json\/wp\/v2\/comments?post=30801"}],"version-history":[{"count":1,"href":"https:\/\/goiasemtempo.com.br\/home\/wp-json\/wp\/v2\/posts\/30801\/revisions"}],"predecessor-version":[{"id":30802,"href":"https:\/\/goiasemtempo.com.br\/home\/wp-json\/wp\/v2\/posts\/30801\/revisions\/30802"}],"wp:featuredmedia":[{"embeddable":true,"href":"https:\/\/goiasemtempo.com.br\/home\/wp-json\/wp\/v2\/media\/30445"}],"wp:attachment":[{"href":"https:\/\/goiasemtempo.com.br\/home\/wp-json\/wp\/v2\/media?parent=30801"}],"wp:term":[{"taxonomy":"category","embeddable":true,"href":"https:\/\/goiasemtempo.com.br\/home\/wp-json\/wp\/v2\/categories?post=30801"},{"taxonomy":"post_tag","embeddable":true,"href":"https:\/\/goiasemtempo.com.br\/home\/wp-json\/wp\/v2\/tags?post=30801"}],"curies":[{"name":"wp","href":"https:\/\/api.w.org\/{rel}","templated":true}]}}