{"id":30714,"date":"2018-03-23T19:57:48","date_gmt":"2018-03-23T19:57:48","guid":{"rendered":"https:\/\/goiasemtempo.com.br\/home\/?p=30714"},"modified":"2018-03-23T19:57:48","modified_gmt":"2018-03-23T19:57:48","slug":"facebook-abalado-por-escandalo-de-vazamento-de-dados-pessoais","status":"publish","type":"post","link":"https:\/\/goiasemtempo.com.br\/home\/facebook-abalado-por-escandalo-de-vazamento-de-dados-pessoais\/","title":{"rendered":"Facebook abalado por esc\u00e2ndalo de vazamento de dados pessoais"},"content":{"rendered":"<p>O Facebook est\u00e1 no centro de um esc\u00e2ndalo que pode amea\u00e7ar at\u00e9 mesmo seu modelo comercial, ap\u00f3s ser revelado que uma empresa brit\u00e2nica ligada \u00e0 campanha de Donald Trump usou dados pessoais de milh\u00f5es de usu\u00e1rios.<\/p>\n<p>A a\u00e7\u00e3o do Facebook recuou 6,8% na sess\u00e3o desta segunda-feira, em Wall Street.<\/p>\n<p>A not\u00edcia de que a empresa brit\u00e2nica Cambridge Analytica (CA), especializada em comunica\u00e7\u00e3o estrat\u00e9gica, tinha usado dados de 50 milh\u00f5es de usu\u00e1rios do Facebook para desenvolver um software que prev\u00ea e influencia eleitores gerou protestos dos dois lados do Atl\u00e2ntico.<\/p>\n<p>A senadora democrata Amy Klobuchar e o republicano John Kennedy pediram que o CEO do Facebook, Mark Zuckerberg, compare\u00e7a ao Congresso, do mesmo modo que os diretores executivos de Google e Twitter.<\/p>\n<p>Os dois legisladores consideram que tais empresas acumularam quantidades de dados pessoais sem precedentes e que a falta de supervis\u00e3o gera preocupa\u00e7\u00f5es sobre a integridade das elei\u00e7\u00f5es americanas, assim como sobre os direitos \u00e0 privacidade.<\/p>\n<p>Esta \u00e9 uma grande viola\u00e7\u00e3o (de dados) que precisa ser investigada, e \u00e9 \u00f3bvio que essas plataformas n\u00e3o podem se autorregular, disse a senadora Klobuchar, que acredita que Zuckerberg deve ir ao Congresso explicar o ocorrido.<\/p>\n<p>O senador Ron Wyden pediu ao Facebook que forne\u00e7a mais informa\u00e7\u00e3o sobre o que chamou de preocupante uso de dados privados para influenciar os eleitores.<\/p>\n<p>A comiss\u00e1ria europeia de Justi\u00e7a, Consumidores e Igualdade de G\u00eanero, Vera Jourova, disse que o uso indevido dos dados do Facebook por parte de uma empresa pol\u00edtica seria horr\u00edvel, e anunciou que tratar\u00e1 do tema nesta semana em Washington.<\/p>\n<p>No Reino Unido, o parlamentar Damian Collins, presidente da comiss\u00e3o que trata de assuntos digitais, tamb\u00e9m disse que Facebook e CA ter\u00e3o que se explicar.<\/p>\n<p>A conta da CA no Facebook foi suspensa, anunciou a rede social.<\/p>\n<p>Facebook, mas tamb\u00e9m Twitter e Google, s\u00e3o acusadas h\u00e1 meses de servir como plataformas para manipular a opini\u00e3o p\u00fablica, particularmente por entidades vinculadas \u00e0 R\u00fassia durante a campanha presidencial americana, ou o referendo do Brexit em 2016.<\/p>\n<p>A investiga\u00e7\u00e3o conjunta do The New York Times e do The Observer indicou que a CA conseguiu criar perfis psicol\u00f3gicos de 50 milh\u00f5es de usu\u00e1rios do Facebook usando um aplicativo de previs\u00e3o de personalidade que foi baixado por 270.000 pessoas, mas tamb\u00e9m coletou dados de amigos da usu\u00e1rios.<\/p>\n<p>A CA negou qualquer uso indevido de dados. O Facebook suspendeu a conta da empresa na sexta-feira, mas negou que fosse uma grande viola\u00e7\u00e3o de dados, sugerindo que o problema afetaria um n\u00famero muito menor de usu\u00e1rios.<\/p>\n<p>O Facebook anunciou nesta segunda-feira que contratou a empresa Stroz Friedberg para realizar uma auditoria abrangente da CA.<\/p>\n<p>J\u00e1 a CA desmentiu as acusa\u00e7\u00f5es. Os dados do Facebook n\u00e3o foram utilizados pela Cambridge Analytica no \u00e2mbito dos servi\u00e7os oferecidos na campanha presidencial de Donald Trump e nenhuma publicidade dirigida foi realizada para esse cliente, disse a empresa nesta segunda-feira.<\/p>\n<p>A empresa foi financiada com 15 milh\u00f5es de d\u00f3lares por Robert Mercer, um empres\u00e1rio americano que fez sua fortuna em fundos abutre e \u00e9 um dos principais doadores do Partido Republicano.<\/p>\n<p>&#8211; Grande impacto &#8211;<\/p>\n<p>Para alguns analistas, isto representa uma crise existencial para o Facebook devido ao modo como re\u00fane e utiliza dados sobre seus 2 bilh\u00f5es de usu\u00e1rios.<\/p>\n<p>Que o Facebook n\u00e3o perceba a diferen\u00e7a entre vender sapatos e vender um programa presidencial \u00e9 um grande problema, disse Daniel Kreiss, professor de meios e comunica\u00e7\u00e3o da Universidade da Carolina do Norte.<\/p>\n<p>Jennifer Grygiel, especialista em redes sociais da Universidade de Syracuse, avaliou que as revela\u00e7\u00f5es aumentar\u00e3o a press\u00e3o para regular o Facebook e outras redes sociais, atualmente em xeque por permitir a propaga\u00e7\u00e3o de desinforma\u00e7\u00e3o por parte de fontes orientadas pela R\u00fassia.<\/p>\n<p>A autorregulamenta\u00e7\u00e3o n\u00e3o est\u00e1 funcionando. Me pergunto quanto deve piorar at\u00e9 que nossos reguladores intervenham e fa\u00e7am as companhias respons\u00e1veis.<\/p>\n<p>Neste contexto, o chefe da seguran\u00e7a do Facebook, Alex Stamos, admitiu uma mudan\u00e7a de suas fun\u00e7\u00f5es, mas desmentiu sua sa\u00edda da empresa, como anunciou o NYT.<\/p>\n","protected":false},"excerpt":{"rendered":"<p>O Facebook est\u00e1 no centro de um esc\u00e2ndalo que pode amea\u00e7ar at\u00e9 mesmo seu modelo comercial, ap\u00f3s ser revelado que uma empresa brit\u00e2nica ligada \u00e0 campanha de Donald Trump usou dados pessoais de milh\u00f5es de usu\u00e1rios. A a\u00e7\u00e3o do Facebook recuou 6,8% na sess\u00e3o desta segunda-feira, em Wall Street. A not\u00edcia de que a empresa &hellip;<\/p>\n","protected":false},"author":2,"featured_media":30405,"comment_status":"open","ping_status":"open","sticky":false,"template":"","format":"standard","meta":{"footnotes":""},"categories":[4],"tags":[],"class_list":["post-30714","post","type-post","status-publish","format-standard","has-post-thumbnail","hentry","category-ultimas-noticias"],"_links":{"self":[{"href":"https:\/\/goiasemtempo.com.br\/home\/wp-json\/wp\/v2\/posts\/30714","targetHints":{"allow":["GET"]}}],"collection":[{"href":"https:\/\/goiasemtempo.com.br\/home\/wp-json\/wp\/v2\/posts"}],"about":[{"href":"https:\/\/goiasemtempo.com.br\/home\/wp-json\/wp\/v2\/types\/post"}],"author":[{"embeddable":true,"href":"https:\/\/goiasemtempo.com.br\/home\/wp-json\/wp\/v2\/users\/2"}],"replies":[{"embeddable":true,"href":"https:\/\/goiasemtempo.com.br\/home\/wp-json\/wp\/v2\/comments?post=30714"}],"version-history":[{"count":1,"href":"https:\/\/goiasemtempo.com.br\/home\/wp-json\/wp\/v2\/posts\/30714\/revisions"}],"predecessor-version":[{"id":30715,"href":"https:\/\/goiasemtempo.com.br\/home\/wp-json\/wp\/v2\/posts\/30714\/revisions\/30715"}],"wp:featuredmedia":[{"embeddable":true,"href":"https:\/\/goiasemtempo.com.br\/home\/wp-json\/wp\/v2\/media\/30405"}],"wp:attachment":[{"href":"https:\/\/goiasemtempo.com.br\/home\/wp-json\/wp\/v2\/media?parent=30714"}],"wp:term":[{"taxonomy":"category","embeddable":true,"href":"https:\/\/goiasemtempo.com.br\/home\/wp-json\/wp\/v2\/categories?post=30714"},{"taxonomy":"post_tag","embeddable":true,"href":"https:\/\/goiasemtempo.com.br\/home\/wp-json\/wp\/v2\/tags?post=30714"}],"curies":[{"name":"wp","href":"https:\/\/api.w.org\/{rel}","templated":true}]}}