{"id":30704,"date":"2018-03-23T19:54:31","date_gmt":"2018-03-23T19:54:31","guid":{"rendered":"https:\/\/goiasemtempo.com.br\/home\/?p=30704"},"modified":"2018-03-23T19:54:31","modified_gmt":"2018-03-23T19:54:31","slug":"principe-harry-e-meghan-markle-escolhem-confeitaria-que-fara-seu-bolo-de-casamento","status":"publish","type":"post","link":"https:\/\/goiasemtempo.com.br\/home\/principe-harry-e-meghan-markle-escolhem-confeitaria-que-fara-seu-bolo-de-casamento\/","title":{"rendered":"Pr\u00edncipe Harry e Meghan Markle escolhem confeitaria que far\u00e1 seu bolo de casamento"},"content":{"rendered":"<p>LONDRES (Reuters) &#8211; O pr\u00edncipe brit\u00e2nico Harry e sua noiva, Meghan Markle, escolheram uma confeitaria londrina para fazer um bolo de lim\u00e3o e flor de sabugueiro para seu casamento em maio, informou seu gabinete nesta ter\u00e7a-feira.<\/p>\n<p>Harry e a atriz norte-americana se casar\u00e3o no Castelo de Windsor, resid\u00eancia da rainha Elizabeth, e escolheram Claire Ptak, dona da Violet Bakery, para fazer o bolo.<\/p>\n<p>Ele ser\u00e1 coberto com creme de manteiga e decorado com flores frescas, disse o Pal\u00e1cio de Kensington em comunicado. Eles est\u00e3o muito animados para compartilhar este bolo com seus convidados no dia 19 de maio.<\/p>\n<p>Claire \u00e9 da Calif\u00f3rnia e trabalhou no Chez Panisse de Berkeley sob o comando da chef Alice Waters antes de se mudar para Londres. Ela abriu seu pr\u00f3prio neg\u00f3cio cozinhando em casa e vendendo bolos em um barraca no Broadway Market, no leste de Londres, montando a Violet Bakery em 2010.<\/p>\n<p>Mal posso dizer como estou encantada por ser escolhida para fazer o bolo de casamento do pr\u00edncipe Harry e da srta. Markle, disse Claire, em comunicado.<\/p>\n<p>Saber que eles compartilham os mesmos valores que eu a respeito da origem, sustentabilidade, sazonalidade e acima de tudo sabor dos alimentos, faz deste o evento mais empolgante para se participar.<\/p>\n<p>Meghan havia entrevistado Claire para seu antigo site de comida e estilo de vida, The Tig, que manteve durante tr\u00eas anos e fechou no ano passado, quando o interesse p\u00fablico por seu relacionamento com Harry aumentou.<\/p>\n<p>Reportagem de Alistair Smout<\/p>\n","protected":false},"excerpt":{"rendered":"<p>LONDRES (Reuters) &#8211; O pr\u00edncipe brit\u00e2nico Harry e sua noiva, Meghan Markle, escolheram uma confeitaria londrina para fazer um bolo de lim\u00e3o e flor de sabugueiro para seu casamento em maio, informou seu gabinete nesta ter\u00e7a-feira. Harry e a atriz norte-americana se casar\u00e3o no Castelo de Windsor, resid\u00eancia da rainha Elizabeth, e escolheram Claire Ptak, &hellip;<\/p>\n","protected":false},"author":2,"featured_media":30400,"comment_status":"open","ping_status":"open","sticky":false,"template":"","format":"standard","meta":{"_exactmetrics_skip_tracking":false,"_exactmetrics_sitenote_active":false,"_exactmetrics_sitenote_note":"","_exactmetrics_sitenote_category":0,"footnotes":""},"categories":[4],"tags":[],"_links":{"self":[{"href":"https:\/\/goiasemtempo.com.br\/home\/wp-json\/wp\/v2\/posts\/30704"}],"collection":[{"href":"https:\/\/goiasemtempo.com.br\/home\/wp-json\/wp\/v2\/posts"}],"about":[{"href":"https:\/\/goiasemtempo.com.br\/home\/wp-json\/wp\/v2\/types\/post"}],"author":[{"embeddable":true,"href":"https:\/\/goiasemtempo.com.br\/home\/wp-json\/wp\/v2\/users\/2"}],"replies":[{"embeddable":true,"href":"https:\/\/goiasemtempo.com.br\/home\/wp-json\/wp\/v2\/comments?post=30704"}],"version-history":[{"count":1,"href":"https:\/\/goiasemtempo.com.br\/home\/wp-json\/wp\/v2\/posts\/30704\/revisions"}],"predecessor-version":[{"id":30705,"href":"https:\/\/goiasemtempo.com.br\/home\/wp-json\/wp\/v2\/posts\/30704\/revisions\/30705"}],"wp:featuredmedia":[{"embeddable":true,"href":"https:\/\/goiasemtempo.com.br\/home\/wp-json\/wp\/v2\/media\/30400"}],"wp:attachment":[{"href":"https:\/\/goiasemtempo.com.br\/home\/wp-json\/wp\/v2\/media?parent=30704"}],"wp:term":[{"taxonomy":"category","embeddable":true,"href":"https:\/\/goiasemtempo.com.br\/home\/wp-json\/wp\/v2\/categories?post=30704"},{"taxonomy":"post_tag","embeddable":true,"href":"https:\/\/goiasemtempo.com.br\/home\/wp-json\/wp\/v2\/tags?post=30704"}],"curies":[{"name":"wp","href":"https:\/\/api.w.org\/{rel}","templated":true}]}}