{"id":30692,"date":"2018-03-23T19:50:36","date_gmt":"2018-03-23T19:50:36","guid":{"rendered":"https:\/\/goiasemtempo.com.br\/home\/?p=30692"},"modified":"2018-03-23T19:50:36","modified_gmt":"2018-03-23T19:50:36","slug":"uber-suspende-programa-de-veiculos-autonomos-apos-atropelamento-fatal","status":"publish","type":"post","link":"https:\/\/goiasemtempo.com.br\/home\/uber-suspende-programa-de-veiculos-autonomos-apos-atropelamento-fatal\/","title":{"rendered":"Uber suspende programa de ve\u00edculos aut\u00f4nomos ap\u00f3s atropelamento fatal"},"content":{"rendered":"<p>A empresa americana Uber suspendeu nesta segunda-feira (19) seu programa de ve\u00edculos aut\u00f4nomos depois que um desses carros atropelou e matou uma pedestre em Tempe (Arizona, sudeste dos Estados Unidos).<\/p>\n<p>O ve\u00edculo da Uber transitava em modo aut\u00f4nomo, com um operador atr\u00e1s do volante, quando atingiu uma mulher que atravessava a rua na noite de domingo, informou a empresa com sede em San Francisco.<\/p>\n<p>A v\u00edtima foi levada para o hospital, onde faleceu.<\/p>\n<p>Nossos cora\u00e7\u00f5es est\u00e3o com a fam\u00edlia da v\u00edtima, disse um porta-voz da Uber \u00e0 AFP. Estamos cooperando plenamente com as autoridades locais em sua investiga\u00e7\u00e3o deste incidente, acrescentou.<\/p>\n<p>A Uber anunciou a suspens\u00e3o de seus carros sem condutor que estava testando, ou usando, em Tempe, Pittsburgh, Toronto e San Francisco.<\/p>\n<p>A empresa s\u00f3 utilizava ve\u00edculos aut\u00f4nomos como parte de seu servi\u00e7o regular de aluguel de carros em Tempe e Pittsburgh.<\/p>\n<p>Dentro do carro, viajava apenas um operador, no assento do motorista, quando aconteceu o acidente fatal, segundo a empresa. A pol\u00edcia apreendeu o ve\u00edculo.<\/p>\n<p>O acidente fatal deste domingo foi o primeiro envolvendo um pedestre.<\/p>\n<p>&#8211; Tecnologia lenta? &#8211;<\/p>\n<p>O primeiro acidente fatal de um carro aut\u00f4nomo foi relatado em meados de 2016 e envolveu um Tesla.<\/p>\n<p>O Tesla Model S, conduzido no piloto autom\u00e1tico, n\u00e3o conseguiu detectar um caminh\u00e3o cruzando a pista, o que provocou a morte do motorista. Mais tarde, soube-se que ele manteve as m\u00e3os fora do volante por per\u00edodos prolongados, apesar dos avisos para n\u00e3o faz\u00ea-lo.<\/p>\n<p>Pesquisadores do US Transportation Safety Board determinaram que a causa prov\u00e1vel do acidente foi a combina\u00e7\u00e3o de falha do motorista do caminh\u00e3o de n\u00e3o ceder a passagem e falta de aten\u00e7\u00e3o do ocupante do carro, devido \u00e0 confian\u00e7a excessiva na automa\u00e7\u00e3o do ve\u00edculo.<\/p>\n<p>Como no acidente fatal da Tesla, o da Uber provavelmente despertar\u00e1 preocupa\u00e7\u00f5es de a ind\u00fastria estar avan\u00e7ando rapidamente demais para implantar ve\u00edculos aut\u00f4nomos.<\/p>\n<p>A Waymo, de propriedade da Google, testa h\u00e1 anos carros que se conduzem autonomamente, competindo com a Uber. No in\u00edcio deste m\u00eas, come\u00e7ou a usar caminh\u00f5es aut\u00f4nomos para transportar carga.<\/p>\n<p>A Uber fez um an\u00fancio similar, alegando que usa caminh\u00f5es aut\u00f4nomos como parte de um servi\u00e7o de transporte sob demanda no Arizona.<\/p>\n<p>Em setembro, a secret\u00e1ria de Transportes dos Estados Unidos, Elaine Chao, apresentou novas diretrizes que permitem mais testes para os carros sem motorista e abordam a regula\u00e7\u00e3o entre o governo federal e os estados.<\/p>\n<p>&#8211; Exame de vista &#8211;<\/p>\n<p>V\u00e1rios estados dos Estados Unidos estabeleceram suas pr\u00f3prias normativas para as estradas, e alguns aprovaram leis que permitem o uso de ve\u00edculos aut\u00f4nomos.<\/p>\n<p>A Calif\u00f3rnia e o Arizona t\u00eam sido particularmente encorajadores, esperan\u00e7osos de que as empresas que desenvolvem essas tecnologias criem empregos e instala\u00e7\u00f5es dedicados \u00e0 nova ind\u00fastria.<\/p>\n<p>A professora de rob\u00f3tica da Universidade de Duke Missy Cummings est\u00e1 entre as pessoas que defendem a desacelera\u00e7\u00e3o da introdu\u00e7\u00e3o de ve\u00edculos aut\u00f4nomos para evitar riscos e estabelecer regulamenta\u00e7\u00f5es adequadas.<\/p>\n<p>Enquanto as m\u00e1quinas s\u00e3o melhores em ficar alerta e reagir \u00e0s situa\u00e7\u00f5es de rotina, os motoristas humanos s\u00e3o superiores para lidar com situa\u00e7\u00f5es incomuns ou inesperadas, disse Cummings.<\/p>\n<p>A professora argumentou que, se as pessoas precisam passar nos exames de vista para obter carteiras de motorista, os ve\u00edculos aut\u00f4nomos tamb\u00e9m devem ser aprovados.<\/p>\n<p>Dado que ainda estamos aprendendo e descobrindo problemas importantes, temos que nos perguntar por que estamos tentando fazer com que essa tecnologia seja usada em massa, disse Cummings \u00e0 AFP.<\/p>\n<p>Sou uma grande f\u00e3 de tecnologia, mas n\u00e3o est\u00e1 testado e \u00e9 experimental.<\/p>\n","protected":false},"excerpt":{"rendered":"<p>A empresa americana Uber suspendeu nesta segunda-feira (19) seu programa de ve\u00edculos aut\u00f4nomos depois que um desses carros atropelou e matou uma pedestre em Tempe (Arizona, sudeste dos Estados Unidos). O ve\u00edculo da Uber transitava em modo aut\u00f4nomo, com um operador atr\u00e1s do volante, quando atingiu uma mulher que atravessava a rua na noite de &hellip;<\/p>\n","protected":false},"author":2,"featured_media":30394,"comment_status":"open","ping_status":"open","sticky":false,"template":"","format":"standard","meta":{"footnotes":""},"categories":[4],"tags":[],"class_list":["post-30692","post","type-post","status-publish","format-standard","has-post-thumbnail","hentry","category-ultimas-noticias"],"_links":{"self":[{"href":"https:\/\/goiasemtempo.com.br\/home\/wp-json\/wp\/v2\/posts\/30692","targetHints":{"allow":["GET"]}}],"collection":[{"href":"https:\/\/goiasemtempo.com.br\/home\/wp-json\/wp\/v2\/posts"}],"about":[{"href":"https:\/\/goiasemtempo.com.br\/home\/wp-json\/wp\/v2\/types\/post"}],"author":[{"embeddable":true,"href":"https:\/\/goiasemtempo.com.br\/home\/wp-json\/wp\/v2\/users\/2"}],"replies":[{"embeddable":true,"href":"https:\/\/goiasemtempo.com.br\/home\/wp-json\/wp\/v2\/comments?post=30692"}],"version-history":[{"count":1,"href":"https:\/\/goiasemtempo.com.br\/home\/wp-json\/wp\/v2\/posts\/30692\/revisions"}],"predecessor-version":[{"id":30693,"href":"https:\/\/goiasemtempo.com.br\/home\/wp-json\/wp\/v2\/posts\/30692\/revisions\/30693"}],"wp:featuredmedia":[{"embeddable":true,"href":"https:\/\/goiasemtempo.com.br\/home\/wp-json\/wp\/v2\/media\/30394"}],"wp:attachment":[{"href":"https:\/\/goiasemtempo.com.br\/home\/wp-json\/wp\/v2\/media?parent=30692"}],"wp:term":[{"taxonomy":"category","embeddable":true,"href":"https:\/\/goiasemtempo.com.br\/home\/wp-json\/wp\/v2\/categories?post=30692"},{"taxonomy":"post_tag","embeddable":true,"href":"https:\/\/goiasemtempo.com.br\/home\/wp-json\/wp\/v2\/tags?post=30692"}],"curies":[{"name":"wp","href":"https:\/\/api.w.org\/{rel}","templated":true}]}}