{"id":30684,"date":"2018-03-23T19:47:58","date_gmt":"2018-03-23T19:47:58","guid":{"rendered":"https:\/\/goiasemtempo.com.br\/home\/?p=30684"},"modified":"2018-03-23T19:47:58","modified_gmt":"2018-03-23T19:47:58","slug":"parlamento-britanico-convoca-mark-zuckerberg-para-falar-sobre-cambridge-analytica","status":"publish","type":"post","link":"https:\/\/goiasemtempo.com.br\/home\/parlamento-britanico-convoca-mark-zuckerberg-para-falar-sobre-cambridge-analytica\/","title":{"rendered":"Parlamento brit\u00e2nico convoca Mark Zuckerberg para falar sobre Cambridge Analytica"},"content":{"rendered":"<p>Uma comiss\u00e3o parlamentar brit\u00e2nica solicitou o comparecimento do fundador e presidente do Facebook, Mark Zuckeberg, para esclarecer o uso il\u00edcito de informa\u00e7\u00f5es pessoais de usu\u00e1rios da rede social supostamente empregado pela empresa Cambridge Analytica.<\/p>\n<p>Chegou o momento de ouvir um alto executivo do Facebook com autoridade suficiente para explicar este grande fracasso, disse Damien Collins, o deputado que preside o comit\u00ea, na convocat\u00f3ria dirigida a Zuckerberg.<\/p>\n<p>O comit\u00ea perguntou insistentemente ao Facebook como as empresas adquirem e ret\u00eam informa\u00e7\u00e3o dos usu\u00e1rios, e em particular se pegam seus dados sem seu consentimento, explicou Collins.<\/p>\n<p>As respostas de seus representantes a essas perguntas subestimaram consistentemente este risco e foram enganosas, narrou o deputado.<\/p>\n<p>Segundo a investiga\u00e7\u00e3o realizada pelos jornais The New York Times e The Observer (a edi\u00e7\u00e3o dominical do jornal brit\u00e2nico The Guardian), a Cambridge Analytica usou dados de milh\u00f5es de usu\u00e1rios de Facebook, sem seu consentimento, com os quais teria criado um programa destinado a prever e influenciar o voto dos eleitores.<\/p>\n<p>O interesse nas atividades de Cambridge Analytica foi redobrado ap\u00f3s a transmiss\u00e3o no domingo de um reportagem do Channel 4 na qual os diretores ofereciam a um jornalista que se fez passar por cliente potencial desacreditar seus rivais pol\u00edticos envolvendo-os com prostitutas ou subornos, por exemplo.<\/p>\n","protected":false},"excerpt":{"rendered":"<p>Uma comiss\u00e3o parlamentar brit\u00e2nica solicitou o comparecimento do fundador e presidente do Facebook, Mark Zuckeberg, para esclarecer o uso il\u00edcito de informa\u00e7\u00f5es pessoais de usu\u00e1rios da rede social supostamente empregado pela empresa Cambridge Analytica. Chegou o momento de ouvir um alto executivo do Facebook com autoridade suficiente para explicar este grande fracasso, disse Damien Collins, &hellip;<\/p>\n","protected":false},"author":2,"featured_media":30390,"comment_status":"open","ping_status":"open","sticky":false,"template":"","format":"standard","meta":{"footnotes":""},"categories":[4],"tags":[],"class_list":["post-30684","post","type-post","status-publish","format-standard","has-post-thumbnail","hentry","category-ultimas-noticias"],"_links":{"self":[{"href":"https:\/\/goiasemtempo.com.br\/home\/wp-json\/wp\/v2\/posts\/30684","targetHints":{"allow":["GET"]}}],"collection":[{"href":"https:\/\/goiasemtempo.com.br\/home\/wp-json\/wp\/v2\/posts"}],"about":[{"href":"https:\/\/goiasemtempo.com.br\/home\/wp-json\/wp\/v2\/types\/post"}],"author":[{"embeddable":true,"href":"https:\/\/goiasemtempo.com.br\/home\/wp-json\/wp\/v2\/users\/2"}],"replies":[{"embeddable":true,"href":"https:\/\/goiasemtempo.com.br\/home\/wp-json\/wp\/v2\/comments?post=30684"}],"version-history":[{"count":1,"href":"https:\/\/goiasemtempo.com.br\/home\/wp-json\/wp\/v2\/posts\/30684\/revisions"}],"predecessor-version":[{"id":30685,"href":"https:\/\/goiasemtempo.com.br\/home\/wp-json\/wp\/v2\/posts\/30684\/revisions\/30685"}],"wp:featuredmedia":[{"embeddable":true,"href":"https:\/\/goiasemtempo.com.br\/home\/wp-json\/wp\/v2\/media\/30390"}],"wp:attachment":[{"href":"https:\/\/goiasemtempo.com.br\/home\/wp-json\/wp\/v2\/media?parent=30684"}],"wp:term":[{"taxonomy":"category","embeddable":true,"href":"https:\/\/goiasemtempo.com.br\/home\/wp-json\/wp\/v2\/categories?post=30684"},{"taxonomy":"post_tag","embeddable":true,"href":"https:\/\/goiasemtempo.com.br\/home\/wp-json\/wp\/v2\/tags?post=30684"}],"curies":[{"name":"wp","href":"https:\/\/api.w.org\/{rel}","templated":true}]}}