{"id":30676,"date":"2018-03-23T19:45:23","date_gmt":"2018-03-23T19:45:23","guid":{"rendered":"https:\/\/goiasemtempo.com.br\/home\/?p=30676"},"modified":"2018-03-23T19:45:23","modified_gmt":"2018-03-23T19:45:23","slug":"comissao-que-acompanha-a-situacao-dos-venezuelanos-em-roraima-reune-se-nesta-quarta","status":"publish","type":"post","link":"https:\/\/goiasemtempo.com.br\/home\/comissao-que-acompanha-a-situacao-dos-venezuelanos-em-roraima-reune-se-nesta-quarta\/","title":{"rendered":"Comiss\u00e3o que acompanha a situa\u00e7\u00e3o dos venezuelanos em Roraima re\u00fane-se nesta quarta"},"content":{"rendered":"<p>A comiss\u00e3o externa que acompanha a entrada de venezuelanos em Roraima re\u00fane-se nesta quarta-feira (21) com o Comit\u00ea Federal de Assist\u00eancia Emergencial, da Casa Civil. O colegiado foi criado pelo governo para acolher pessoas em situa\u00e7\u00e3o de vulnerabilidade decorrente de fluxo migrat\u00f3rio provocado por crise humanit\u00e1ria.<\/p>\n<p>Na semana passada, o governo editou uma medida provis\u00f3ria que destina cr\u00e9dito extraordin\u00e1rio de R$ 190 milh\u00f5es para assist\u00eancia a esses venezuelanos (MP 823\/18). Segundo o governo, a medida poder\u00e1 \u201cminimizar a grave situa\u00e7\u00e3o de vulnerabilidade decorrente do fluxo migrat\u00f3rio provocado pela crise humanit\u00e1ria na Venezuela, que levou a um aumento populacional tempor\u00e1rio, desordenado e imprevis\u00edvel no estado de Roraima\u201d.<\/p>\n<p>A Pol\u00edcia Federal estima que mais de 40 mil cidad\u00e3os da Venezuela est\u00e3o abrigados hoje em Boa Vista. Isso representa 12% da popula\u00e7\u00e3o da capital de Roraima, estimada em 332 mil habitantes.<\/p>\n<p>Em fevereiro, o Executivo j\u00e1 tinha editado uma medida provis\u00f3ria dispondo sobre as a\u00e7\u00f5es de assist\u00eancia emergencial para acolhimento de estrangeiros que se refugiam no Brasil (MP 820\/18).<\/p>\n<p>A comiss\u00e3o externa, que \u00e9 coordenada pelo deputado Carlos Andrade (PH-RR), re\u00fane-se no plen\u00e1rio 15 a partir das 14h30.<\/p>\n","protected":false},"excerpt":{"rendered":"<p>A comiss\u00e3o externa que acompanha a entrada de venezuelanos em Roraima re\u00fane-se nesta quarta-feira (21) com o Comit\u00ea Federal de Assist\u00eancia Emergencial, da Casa Civil. O colegiado foi criado pelo governo para acolher pessoas em situa\u00e7\u00e3o de vulnerabilidade decorrente de fluxo migrat\u00f3rio provocado por crise humanit\u00e1ria. Na semana passada, o governo editou uma medida provis\u00f3ria &hellip;<\/p>\n","protected":false},"author":2,"featured_media":30386,"comment_status":"open","ping_status":"open","sticky":false,"template":"","format":"standard","meta":{"_exactmetrics_skip_tracking":false,"_exactmetrics_sitenote_active":false,"_exactmetrics_sitenote_note":"","_exactmetrics_sitenote_category":0,"footnotes":""},"categories":[4],"tags":[],"_links":{"self":[{"href":"https:\/\/goiasemtempo.com.br\/home\/wp-json\/wp\/v2\/posts\/30676"}],"collection":[{"href":"https:\/\/goiasemtempo.com.br\/home\/wp-json\/wp\/v2\/posts"}],"about":[{"href":"https:\/\/goiasemtempo.com.br\/home\/wp-json\/wp\/v2\/types\/post"}],"author":[{"embeddable":true,"href":"https:\/\/goiasemtempo.com.br\/home\/wp-json\/wp\/v2\/users\/2"}],"replies":[{"embeddable":true,"href":"https:\/\/goiasemtempo.com.br\/home\/wp-json\/wp\/v2\/comments?post=30676"}],"version-history":[{"count":1,"href":"https:\/\/goiasemtempo.com.br\/home\/wp-json\/wp\/v2\/posts\/30676\/revisions"}],"predecessor-version":[{"id":30677,"href":"https:\/\/goiasemtempo.com.br\/home\/wp-json\/wp\/v2\/posts\/30676\/revisions\/30677"}],"wp:featuredmedia":[{"embeddable":true,"href":"https:\/\/goiasemtempo.com.br\/home\/wp-json\/wp\/v2\/media\/30386"}],"wp:attachment":[{"href":"https:\/\/goiasemtempo.com.br\/home\/wp-json\/wp\/v2\/media?parent=30676"}],"wp:term":[{"taxonomy":"category","embeddable":true,"href":"https:\/\/goiasemtempo.com.br\/home\/wp-json\/wp\/v2\/categories?post=30676"},{"taxonomy":"post_tag","embeddable":true,"href":"https:\/\/goiasemtempo.com.br\/home\/wp-json\/wp\/v2\/tags?post=30676"}],"curies":[{"name":"wp","href":"https:\/\/api.w.org\/{rel}","templated":true}]}}